{"id":7510,"date":"2025-03-24T14:10:31","date_gmt":"2025-03-24T13:10:31","guid":{"rendered":"https:\/\/arbr.fr\/wordpress\/?p=7510"},"modified":"2025-04-23T11:55:23","modified_gmt":"2025-04-23T09:55:23","slug":"2025-printemps","status":"publish","type":"post","link":"https:\/\/arbr.fr\/wordpress\/2025\/03\/2025-printemps\/","title":{"rendered":"2025 Printemps"},"content":{"rendered":"\r\n<p><img loading=\"lazy\" decoding=\"async\" class=\"alignnone  wp-image-7448\" src=\"https:\/\/arbr.fr\/wordpress\/wp-content\/uploads\/2025\/03\/Affiche-journal-1024x724.jpg\" alt=\"\" width=\"709\" height=\"501\" srcset=\"https:\/\/arbr.fr\/wordpress\/wp-content\/uploads\/2025\/03\/Affiche-journal-1024x724.jpg 1024w, https:\/\/arbr.fr\/wordpress\/wp-content\/uploads\/2025\/03\/Affiche-journal-300x212.jpg 300w, https:\/\/arbr.fr\/wordpress\/wp-content\/uploads\/2025\/03\/Affiche-journal-768x543.jpg 768w, https:\/\/arbr.fr\/wordpress\/wp-content\/uploads\/2025\/03\/Affiche-journal-1536x1086.jpg 1536w, https:\/\/arbr.fr\/wordpress\/wp-content\/uploads\/2025\/03\/Affiche-journal-2048x1448.jpg 2048w\" sizes=\"(max-width: 709px) 100vw, 709px\" \/><\/p>\r\n<ul>\r\n<li>\r\n<h3><span style=\"color: #800080;\"><strong>Les temps Forts :<\/strong><\/span><\/h3>\r\n<\/li>\r\n<\/ul>\r\n<p><strong>Les mises en place<\/strong>: les \u00e9quipes techniques et logistiques des b\u00e9n\u00e9voles de l&rsquo;ARBR se sont affair\u00e9es depuis le jeudi jusqu&rsquo;au dimanche pour vous permettre de profiter de toutes ces animations. <strong>Merci aux b\u00e9n\u00e9voles!<\/strong><\/p>\r\n<p><img loading=\"lazy\" decoding=\"async\" class=\"alignnone  wp-image-7514\" src=\"https:\/\/arbr.fr\/wordpress\/wp-content\/uploads\/2025\/03\/20250322_144521-768x1024.jpg\" alt=\"\" width=\"210\" height=\"280\" srcset=\"https:\/\/arbr.fr\/wordpress\/wp-content\/uploads\/2025\/03\/20250322_144521-768x1024.jpg 768w, https:\/\/arbr.fr\/wordpress\/wp-content\/uploads\/2025\/03\/20250322_144521-225x300.jpg 225w, https:\/\/arbr.fr\/wordpress\/wp-content\/uploads\/2025\/03\/20250322_144521-1152x1536.jpg 1152w, https:\/\/arbr.fr\/wordpress\/wp-content\/uploads\/2025\/03\/20250322_144521-1536x2048.jpg 1536w, https:\/\/arbr.fr\/wordpress\/wp-content\/uploads\/2025\/03\/20250322_144521-scaled.jpg 1920w\" sizes=\"(max-width: 210px) 100vw, 210px\" \/> &nbsp;&nbsp;&nbsp; <img loading=\"lazy\" decoding=\"async\" class=\"alignnone  wp-image-7515\" src=\"https:\/\/arbr.fr\/wordpress\/wp-content\/uploads\/2025\/03\/20250322_155911-1024x768.jpg\" alt=\"\" width=\"366\" height=\"274\" srcset=\"https:\/\/arbr.fr\/wordpress\/wp-content\/uploads\/2025\/03\/20250322_155911-1024x768.jpg 1024w, https:\/\/arbr.fr\/wordpress\/wp-content\/uploads\/2025\/03\/20250322_155911-300x225.jpg 300w, https:\/\/arbr.fr\/wordpress\/wp-content\/uploads\/2025\/03\/20250322_155911-768x576.jpg 768w, https:\/\/arbr.fr\/wordpress\/wp-content\/uploads\/2025\/03\/20250322_155911-1536x1152.jpg 1536w, https:\/\/arbr.fr\/wordpress\/wp-content\/uploads\/2025\/03\/20250322_155911-2048x1536.jpg 2048w\" sizes=\"(max-width: 366px) 100vw, 366px\" \/><\/p>\r\n<h3><strong>Vendredi :&nbsp;<\/strong><\/h3>\r\n<h4>Journ\u00e9e de l&rsquo;amiti\u00e9 avec Josiane.<\/h4>\r\n<p>Cette journ\u00e9e de partage autour du patchwork et de l&rsquo;\u00e9change s&rsquo;est termin\u00e9e par un petit d\u00e9fil\u00e9 devant la salle Saint-Ren\u00e9, haut en couleur et sourires.<\/p>\r\n<p><img loading=\"lazy\" decoding=\"async\" class=\"alignnone  wp-image-7522\" src=\"https:\/\/arbr.fr\/wordpress\/wp-content\/uploads\/2025\/03\/IMG_5925-1024x768.jpg\" alt=\"\" width=\"352\" height=\"265\" srcset=\"https:\/\/arbr.fr\/wordpress\/wp-content\/uploads\/2025\/03\/IMG_5925-1024x768.jpg 1024w, https:\/\/arbr.fr\/wordpress\/wp-content\/uploads\/2025\/03\/IMG_5925-300x225.jpg 300w, https:\/\/arbr.fr\/wordpress\/wp-content\/uploads\/2025\/03\/IMG_5925-768x576.jpg 768w, https:\/\/arbr.fr\/wordpress\/wp-content\/uploads\/2025\/03\/IMG_5925-1536x1152.jpg 1536w, https:\/\/arbr.fr\/wordpress\/wp-content\/uploads\/2025\/03\/IMG_5925.jpg 2016w\" sizes=\"(max-width: 352px) 100vw, 352px\" \/> <img loading=\"lazy\" decoding=\"async\" class=\"alignnone  wp-image-7523\" src=\"https:\/\/arbr.fr\/wordpress\/wp-content\/uploads\/2025\/03\/IMG_5927-1024x768.jpg\" alt=\"\" width=\"354\" height=\"265\" srcset=\"https:\/\/arbr.fr\/wordpress\/wp-content\/uploads\/2025\/03\/IMG_5927-1024x768.jpg 1024w, https:\/\/arbr.fr\/wordpress\/wp-content\/uploads\/2025\/03\/IMG_5927-300x225.jpg 300w, https:\/\/arbr.fr\/wordpress\/wp-content\/uploads\/2025\/03\/IMG_5927-768x576.jpg 768w, https:\/\/arbr.fr\/wordpress\/wp-content\/uploads\/2025\/03\/IMG_5927-1536x1152.jpg 1536w, https:\/\/arbr.fr\/wordpress\/wp-content\/uploads\/2025\/03\/IMG_5927.jpg 2016w\" sizes=\"(max-width: 354px) 100vw, 354px\" \/> <img loading=\"lazy\" decoding=\"async\" class=\"alignnone  wp-image-7583\" src=\"https:\/\/arbr.fr\/wordpress\/wp-content\/uploads\/2025\/03\/Sac-tulipes.jpg\" alt=\"\" width=\"160\" height=\"263\" srcset=\"https:\/\/arbr.fr\/wordpress\/wp-content\/uploads\/2025\/03\/Sac-tulipes.jpg 360w, https:\/\/arbr.fr\/wordpress\/wp-content\/uploads\/2025\/03\/Sac-tulipes-183x300.jpg 183w\" sizes=\"(max-width: 160px) 100vw, 160px\" \/><\/p>\r\n<p><img loading=\"lazy\" decoding=\"async\" class=\"alignnone  wp-image-7577\" src=\"https:\/\/arbr.fr\/wordpress\/wp-content\/uploads\/2025\/03\/josiane-et-didier-rotated.jpeg\" alt=\"\" width=\"275\" height=\"285\" srcset=\"https:\/\/arbr.fr\/wordpress\/wp-content\/uploads\/2025\/03\/josiane-et-didier-rotated.jpeg 464w, https:\/\/arbr.fr\/wordpress\/wp-content\/uploads\/2025\/03\/josiane-et-didier-290x300.jpeg 290w\" sizes=\"(max-width: 275px) 100vw, 275px\" \/>&nbsp; <img loading=\"lazy\" decoding=\"async\" class=\"alignnone  wp-image-7511\" src=\"https:\/\/arbr.fr\/wordpress\/wp-content\/uploads\/2025\/03\/jour-amitie-1-1024x674.jpg\" alt=\"\" width=\"429\" height=\"282\" srcset=\"https:\/\/arbr.fr\/wordpress\/wp-content\/uploads\/2025\/03\/jour-amitie-1-1024x674.jpg 1024w, https:\/\/arbr.fr\/wordpress\/wp-content\/uploads\/2025\/03\/jour-amitie-1-300x197.jpg 300w, https:\/\/arbr.fr\/wordpress\/wp-content\/uploads\/2025\/03\/jour-amitie-1-768x505.jpg 768w, https:\/\/arbr.fr\/wordpress\/wp-content\/uploads\/2025\/03\/jour-amitie-1.jpg 1280w\" sizes=\"(max-width: 429px) 100vw, 429px\" \/>&nbsp;&nbsp;<\/p>\r\n<p>Chacune est repartie avec sa cr\u00e9ation de sac \u00ab\u00a0tulipes\u00a0\u00bb, la surprise propos\u00e9e par Josiane.<\/p>\r\n<h3><strong>Samedi :<\/strong><\/h3>\r\n<h4>Le caf\u00e9 philo a fait le plein autour du th\u00e8me de la Post-v\u00e9rit\u00e9<\/h4>\r\n\r\n\r\n\r\n<p><img loading=\"lazy\" decoding=\"async\" class=\"alignnone size-full wp-image-7517\" src=\"https:\/\/arbr.fr\/wordpress\/wp-content\/uploads\/2025\/03\/2025-03-21-cafe-philo.jpg\" alt=\"\" width=\"602\" height=\"797\" srcset=\"https:\/\/arbr.fr\/wordpress\/wp-content\/uploads\/2025\/03\/2025-03-21-cafe-philo.jpg 602w, https:\/\/arbr.fr\/wordpress\/wp-content\/uploads\/2025\/03\/2025-03-21-cafe-philo-227x300.jpg 227w\" sizes=\"(max-width: 602px) 100vw, 602px\" \/><\/p>\r\n<p>\u00ab\u00a0Bonjour!<br>Pr\u00e9sent au caf\u00e9 philo ce matin, tout d&rsquo;abord merci \u00e0 votre association que je d\u00e9couvrais \u00e0 cette savoureuse occasion!<br>M.GUIGOT proposait d&rsquo;envoyer un condens\u00e9 de son intervention. <br>Je suis int\u00e9ress\u00e9! Merci \u00e0 vous! Amicalement <br>Jean-Claude GARNIER \u00ab\u00a0<\/p>\r\n<p>Voici la synth\u00e8se de M. GUIGOT pour ceux qui le souhaitent : <a href=\"https:\/\/arbr.fr\/wordpress\/wp-content\/uploads\/2025\/03\/2025-03-synthese-post-verite.odt\">https:\/\/arbr.fr\/wordpress\/wp-content\/uploads\/2025\/03\/2025-03-synthese-post-verite.odt<\/a><\/p>\r\n<h4>L&rsquo;apr\u00e8s-midi jeux anim\u00e9 par les tricoteuses de l&rsquo;ARBR et les jeux de soci\u00e9t\u00e9 pour tous les \u00e2ges avec le concours de Claudine et de Ludotrotter d&rsquo;Orvault :<\/h4>\r\n<p>Le tout agr\u00e9ment\u00e9 d&rsquo;un quatre-heures pour les enfants et les plus grands avec jus de pomme ou sirop et brioches !<\/p>\r\n<p><img loading=\"lazy\" decoding=\"async\" class=\"alignnone  wp-image-7524\" src=\"https:\/\/arbr.fr\/wordpress\/wp-content\/uploads\/2025\/03\/20250322_154156-1024x768.jpg\" alt=\"\" width=\"342\" height=\"256\" srcset=\"https:\/\/arbr.fr\/wordpress\/wp-content\/uploads\/2025\/03\/20250322_154156-1024x768.jpg 1024w, https:\/\/arbr.fr\/wordpress\/wp-content\/uploads\/2025\/03\/20250322_154156-300x225.jpg 300w, https:\/\/arbr.fr\/wordpress\/wp-content\/uploads\/2025\/03\/20250322_154156-768x576.jpg 768w, https:\/\/arbr.fr\/wordpress\/wp-content\/uploads\/2025\/03\/20250322_154156-1536x1152.jpg 1536w, https:\/\/arbr.fr\/wordpress\/wp-content\/uploads\/2025\/03\/20250322_154156-2048x1536.jpg 2048w\" sizes=\"(max-width: 342px) 100vw, 342px\" \/> &nbsp;&nbsp; <img loading=\"lazy\" decoding=\"async\" class=\"alignnone  wp-image-7526\" src=\"https:\/\/arbr.fr\/wordpress\/wp-content\/uploads\/2025\/03\/20250322_154232-768x1024.jpg\" alt=\"\" width=\"191\" height=\"255\" srcset=\"https:\/\/arbr.fr\/wordpress\/wp-content\/uploads\/2025\/03\/20250322_154232-768x1024.jpg 768w, https:\/\/arbr.fr\/wordpress\/wp-content\/uploads\/2025\/03\/20250322_154232-225x300.jpg 225w, https:\/\/arbr.fr\/wordpress\/wp-content\/uploads\/2025\/03\/20250322_154232-1152x1536.jpg 1152w, https:\/\/arbr.fr\/wordpress\/wp-content\/uploads\/2025\/03\/20250322_154232-1536x2048.jpg 1536w, https:\/\/arbr.fr\/wordpress\/wp-content\/uploads\/2025\/03\/20250322_154232-scaled.jpg 1920w\" sizes=\"(max-width: 191px) 100vw, 191px\" \/><img loading=\"lazy\" decoding=\"async\" class=\"alignnone  wp-image-7525\" src=\"https:\/\/arbr.fr\/wordpress\/wp-content\/uploads\/2025\/03\/20250322_154159-1024x768.jpg\" alt=\"\" width=\"343\" height=\"257\" srcset=\"https:\/\/arbr.fr\/wordpress\/wp-content\/uploads\/2025\/03\/20250322_154159-1024x768.jpg 1024w, https:\/\/arbr.fr\/wordpress\/wp-content\/uploads\/2025\/03\/20250322_154159-300x225.jpg 300w, https:\/\/arbr.fr\/wordpress\/wp-content\/uploads\/2025\/03\/20250322_154159-768x576.jpg 768w, https:\/\/arbr.fr\/wordpress\/wp-content\/uploads\/2025\/03\/20250322_154159-1536x1152.jpg 1536w, https:\/\/arbr.fr\/wordpress\/wp-content\/uploads\/2025\/03\/20250322_154159-2048x1536.jpg 2048w\" sizes=\"(max-width: 343px) 100vw, 343px\" \/>&nbsp;<\/p>\r\n<p><img loading=\"lazy\" decoding=\"async\" class=\"alignnone  wp-image-7455\" src=\"https:\/\/arbr.fr\/wordpress\/wp-content\/uploads\/2025\/03\/2025-03-07-Affiche-ludo-1.jpg\" alt=\"\" width=\"187\" height=\"264\" srcset=\"https:\/\/arbr.fr\/wordpress\/wp-content\/uploads\/2025\/03\/2025-03-07-Affiche-ludo-1.jpg 605w, https:\/\/arbr.fr\/wordpress\/wp-content\/uploads\/2025\/03\/2025-03-07-Affiche-ludo-1-212x300.jpg 212w\" sizes=\"(max-width: 187px) 100vw, 187px\" \/>&nbsp;&nbsp; <img loading=\"lazy\" decoding=\"async\" class=\"alignnone  wp-image-7527\" src=\"https:\/\/arbr.fr\/wordpress\/wp-content\/uploads\/2025\/03\/20250322_155946-1024x768.jpg\" alt=\"\" width=\"348\" height=\"261\" srcset=\"https:\/\/arbr.fr\/wordpress\/wp-content\/uploads\/2025\/03\/20250322_155946-1024x768.jpg 1024w, https:\/\/arbr.fr\/wordpress\/wp-content\/uploads\/2025\/03\/20250322_155946-300x225.jpg 300w, https:\/\/arbr.fr\/wordpress\/wp-content\/uploads\/2025\/03\/20250322_155946-768x576.jpg 768w, https:\/\/arbr.fr\/wordpress\/wp-content\/uploads\/2025\/03\/20250322_155946-1536x1152.jpg 1536w, https:\/\/arbr.fr\/wordpress\/wp-content\/uploads\/2025\/03\/20250322_155946-2048x1536.jpg 2048w\" sizes=\"(max-width: 348px) 100vw, 348px\" \/> &nbsp; <img loading=\"lazy\" decoding=\"async\" class=\"alignnone  wp-image-7528\" src=\"https:\/\/arbr.fr\/wordpress\/wp-content\/uploads\/2025\/03\/20250322_155957-1024x768.jpg\" alt=\"\" width=\"346\" height=\"259\" srcset=\"https:\/\/arbr.fr\/wordpress\/wp-content\/uploads\/2025\/03\/20250322_155957-1024x768.jpg 1024w, https:\/\/arbr.fr\/wordpress\/wp-content\/uploads\/2025\/03\/20250322_155957-300x225.jpg 300w, https:\/\/arbr.fr\/wordpress\/wp-content\/uploads\/2025\/03\/20250322_155957-768x576.jpg 768w, https:\/\/arbr.fr\/wordpress\/wp-content\/uploads\/2025\/03\/20250322_155957-1536x1152.jpg 1536w, https:\/\/arbr.fr\/wordpress\/wp-content\/uploads\/2025\/03\/20250322_155957-2048x1536.jpg 2048w\" sizes=\"(max-width: 346px) 100vw, 346px\" \/>&nbsp;<\/p>\r\n<p>La journ\u00e9e s&rsquo;est termin\u00e9e avec un spectacle incroyable de rires et bonne humeur avec la troupe de \u00ab\u00a0La poule\u00a0\u00bb de Live Com\u00e9dy d&rsquo;Orvault:<\/p>\r\n<p>Une pi\u00e8ce sur mesure \u00ab\u00a0Enchanteuse\u00a0\u00bb pour l&rsquo;ARBR, o\u00f9 le public est en perp\u00e9tuelle interaction avec les com\u00e9diens, un th\u00e9\u00e2tre chant\u00e9, musical, participatif et d&rsquo;improvisation. Les sourires sont sur toutes les l\u00e8vres (des plus anciens aux plus jeunes) et on a \u00e9vit\u00e9 de peu des contractures des zygomatiques !<\/p>\r\n<p><img loading=\"lazy\" decoding=\"async\" class=\"alignnone  wp-image-7453\" src=\"https:\/\/arbr.fr\/wordpress\/wp-content\/uploads\/2025\/03\/Affiche-Live-comedy-ARBR.jpg\" alt=\"\" width=\"192\" height=\"273\" srcset=\"https:\/\/arbr.fr\/wordpress\/wp-content\/uploads\/2025\/03\/Affiche-Live-comedy-ARBR.jpg 602w, https:\/\/arbr.fr\/wordpress\/wp-content\/uploads\/2025\/03\/Affiche-Live-comedy-ARBR-211x300.jpg 211w\" sizes=\"(max-width: 192px) 100vw, 192px\" \/>&nbsp; <img loading=\"lazy\" decoding=\"async\" class=\"alignnone  wp-image-7536\" src=\"https:\/\/arbr.fr\/wordpress\/wp-content\/uploads\/2025\/03\/20250322_204011-1024x579.jpg\" alt=\"\" width=\"485\" height=\"274\" srcset=\"https:\/\/arbr.fr\/wordpress\/wp-content\/uploads\/2025\/03\/20250322_204011-1024x579.jpg 1024w, https:\/\/arbr.fr\/wordpress\/wp-content\/uploads\/2025\/03\/20250322_204011-300x170.jpg 300w, https:\/\/arbr.fr\/wordpress\/wp-content\/uploads\/2025\/03\/20250322_204011-768x435.jpg 768w, https:\/\/arbr.fr\/wordpress\/wp-content\/uploads\/2025\/03\/20250322_204011-1536x869.jpg 1536w, https:\/\/arbr.fr\/wordpress\/wp-content\/uploads\/2025\/03\/20250322_204011-2048x1159.jpg 2048w\" sizes=\"(max-width: 485px) 100vw, 485px\" \/> <img loading=\"lazy\" decoding=\"async\" class=\"alignnone  wp-image-7538\" src=\"https:\/\/arbr.fr\/wordpress\/wp-content\/uploads\/2025\/03\/20250322_222121-1009x1024.jpg\" alt=\"\" width=\"270\" height=\"274\" srcset=\"https:\/\/arbr.fr\/wordpress\/wp-content\/uploads\/2025\/03\/20250322_222121-1009x1024.jpg 1009w, https:\/\/arbr.fr\/wordpress\/wp-content\/uploads\/2025\/03\/20250322_222121-296x300.jpg 296w, https:\/\/arbr.fr\/wordpress\/wp-content\/uploads\/2025\/03\/20250322_222121-768x779.jpg 768w, https:\/\/arbr.fr\/wordpress\/wp-content\/uploads\/2025\/03\/20250322_222121-1514x1536.jpg 1514w, https:\/\/arbr.fr\/wordpress\/wp-content\/uploads\/2025\/03\/20250322_222121-2019x2048.jpg 2019w, https:\/\/arbr.fr\/wordpress\/wp-content\/uploads\/2025\/03\/20250322_222121-80x80.jpg 80w\" sizes=\"(max-width: 270px) 100vw, 270px\" \/><\/p>\r\n<h3><strong>Dimanche :&nbsp;<br><\/strong><\/h3>\r\n<p>Le cross, le carnaval des zouzous, les artisans aux Bois Raguenet, de quoi animer la salle Saint-Ren\u00e9&nbsp; et le Bois Raguenet!<\/p>\r\n<p>\u00ab\u00a0Bilan du cross : Encore un tr\u00e8s bon moment! Beaucoup de plaisir, de partage, de rires et de sourires. Sans oublier un peu de sport !<\/p>\r\n<p>Un bel exemple du vivre ensemble, pouss\u00e9 par les associations du BR<\/p>\r\n<p>Quelques chiffres :119 coureurs et de tr\u00e8s nombreux spectateurs !<\/p>\r\n<p>Mais aussi, beaucoup de volontaires qui ont permis que tout se d\u00e9roule dans de bonnes conditions.<\/p>\r\n<p>Nicolas, Aymeric, Bertrand, Fabienne, Anthony, H\u00e9l\u00e8ne, Richard, Jeff, Laurent, Maylis, Mano, Isa, Marie, Eric + les habituels de l&rsquo;ARBR : Marie-No\u00eblle, Catherine<\/p>\r\n<p>Sans oublier tous les pr\u00e9paratifs pr\u00e9alables par Anne-Solenn, G\u00e9rard, Lysiane, Anne &amp; Dominique, Christophe,&#8230;<\/p>\r\n<p>Un grand merci \u00e0 tous!&nbsp;&nbsp;&nbsp; Erwan.\u00a0\u00bb<\/p>\r\n<p><img loading=\"lazy\" decoding=\"async\" class=\"alignnone  wp-image-7541\" src=\"https:\/\/arbr.fr\/wordpress\/wp-content\/uploads\/2025\/03\/20250324_121312-1024x707.jpg\" alt=\"\" width=\"433\" height=\"299\" srcset=\"https:\/\/arbr.fr\/wordpress\/wp-content\/uploads\/2025\/03\/20250324_121312-1024x707.jpg 1024w, https:\/\/arbr.fr\/wordpress\/wp-content\/uploads\/2025\/03\/20250324_121312-300x207.jpg 300w, https:\/\/arbr.fr\/wordpress\/wp-content\/uploads\/2025\/03\/20250324_121312-768x530.jpg 768w, https:\/\/arbr.fr\/wordpress\/wp-content\/uploads\/2025\/03\/20250324_121312.jpg 1236w\" sizes=\"(max-width: 433px) 100vw, 433px\" \/> &nbsp;&nbsp; <img loading=\"lazy\" decoding=\"async\" class=\"alignnone  wp-image-7545\" src=\"https:\/\/arbr.fr\/wordpress\/wp-content\/uploads\/2025\/03\/IMG-20250323-WA0007-1024x472.jpg\" alt=\"\" width=\"448\" height=\"206\" srcset=\"https:\/\/arbr.fr\/wordpress\/wp-content\/uploads\/2025\/03\/IMG-20250323-WA0007-1024x472.jpg 1024w, https:\/\/arbr.fr\/wordpress\/wp-content\/uploads\/2025\/03\/IMG-20250323-WA0007-300x138.jpg 300w, https:\/\/arbr.fr\/wordpress\/wp-content\/uploads\/2025\/03\/IMG-20250323-WA0007-768x354.jpg 768w, https:\/\/arbr.fr\/wordpress\/wp-content\/uploads\/2025\/03\/IMG-20250323-WA0007-1536x708.jpg 1536w, https:\/\/arbr.fr\/wordpress\/wp-content\/uploads\/2025\/03\/IMG-20250323-WA0007-980x450.jpg 980w, https:\/\/arbr.fr\/wordpress\/wp-content\/uploads\/2025\/03\/IMG-20250323-WA0007.jpg 2000w\" sizes=\"(max-width: 448px) 100vw, 448px\" \/>&nbsp;<\/p>\r\n<p><img loading=\"lazy\" decoding=\"async\" class=\"alignnone  wp-image-7547\" src=\"https:\/\/arbr.fr\/wordpress\/wp-content\/uploads\/2025\/03\/IMG-20250323-WA0000-1024x768.jpg\" alt=\"\" width=\"374\" height=\"281\" srcset=\"https:\/\/arbr.fr\/wordpress\/wp-content\/uploads\/2025\/03\/IMG-20250323-WA0000-1024x768.jpg 1024w, https:\/\/arbr.fr\/wordpress\/wp-content\/uploads\/2025\/03\/IMG-20250323-WA0000-300x225.jpg 300w, https:\/\/arbr.fr\/wordpress\/wp-content\/uploads\/2025\/03\/IMG-20250323-WA0000-768x576.jpg 768w, https:\/\/arbr.fr\/wordpress\/wp-content\/uploads\/2025\/03\/IMG-20250323-WA0000-1536x1152.jpg 1536w, https:\/\/arbr.fr\/wordpress\/wp-content\/uploads\/2025\/03\/IMG-20250323-WA0000.jpg 2048w\" sizes=\"(max-width: 374px) 100vw, 374px\" \/>&nbsp; <img loading=\"lazy\" decoding=\"async\" class=\"alignnone  wp-image-7548\" src=\"https:\/\/arbr.fr\/wordpress\/wp-content\/uploads\/2025\/03\/IMG-20250323-WA0002-1024x768.jpg\" alt=\"\" width=\"365\" height=\"274\" srcset=\"https:\/\/arbr.fr\/wordpress\/wp-content\/uploads\/2025\/03\/IMG-20250323-WA0002-1024x768.jpg 1024w, https:\/\/arbr.fr\/wordpress\/wp-content\/uploads\/2025\/03\/IMG-20250323-WA0002-300x225.jpg 300w, https:\/\/arbr.fr\/wordpress\/wp-content\/uploads\/2025\/03\/IMG-20250323-WA0002-768x576.jpg 768w, https:\/\/arbr.fr\/wordpress\/wp-content\/uploads\/2025\/03\/IMG-20250323-WA0002-1536x1152.jpg 1536w, https:\/\/arbr.fr\/wordpress\/wp-content\/uploads\/2025\/03\/IMG-20250323-WA0002.jpg 2048w\" sizes=\"(max-width: 365px) 100vw, 365px\" \/>&nbsp; <img loading=\"lazy\" decoding=\"async\" class=\"alignnone  wp-image-7546\" src=\"https:\/\/arbr.fr\/wordpress\/wp-content\/uploads\/2025\/03\/20250323_104433-1-768x1024.jpg\" alt=\"\" width=\"206\" height=\"275\" srcset=\"https:\/\/arbr.fr\/wordpress\/wp-content\/uploads\/2025\/03\/20250323_104433-1-768x1024.jpg 768w, https:\/\/arbr.fr\/wordpress\/wp-content\/uploads\/2025\/03\/20250323_104433-1-225x300.jpg 225w, https:\/\/arbr.fr\/wordpress\/wp-content\/uploads\/2025\/03\/20250323_104433-1-1152x1536.jpg 1152w, https:\/\/arbr.fr\/wordpress\/wp-content\/uploads\/2025\/03\/20250323_104433-1-1536x2048.jpg 1536w, https:\/\/arbr.fr\/wordpress\/wp-content\/uploads\/2025\/03\/20250323_104433-1-scaled.jpg 1920w\" sizes=\"(max-width: 206px) 100vw, 206px\" \/>&nbsp;<\/p>\r\n<p><img loading=\"lazy\" decoding=\"async\" class=\"alignnone  wp-image-7601\" src=\"https:\/\/arbr.fr\/wordpress\/wp-content\/uploads\/2025\/03\/2025-03-27-ouest-france.jpg\" alt=\"\" width=\"585\" height=\"494\" srcset=\"https:\/\/arbr.fr\/wordpress\/wp-content\/uploads\/2025\/03\/2025-03-27-ouest-france.jpg 729w, https:\/\/arbr.fr\/wordpress\/wp-content\/uploads\/2025\/03\/2025-03-27-ouest-france-300x253.jpg 300w\" sizes=\"(max-width: 585px) 100vw, 585px\" \/><\/p>\r\n<p><img loading=\"lazy\" decoding=\"async\" class=\"alignnone  wp-image-7542\" src=\"https:\/\/arbr.fr\/wordpress\/wp-content\/uploads\/2025\/03\/20250323_100759-1024x768.jpg\" alt=\"\" width=\"391\" height=\"293\" srcset=\"https:\/\/arbr.fr\/wordpress\/wp-content\/uploads\/2025\/03\/20250323_100759-1024x768.jpg 1024w, https:\/\/arbr.fr\/wordpress\/wp-content\/uploads\/2025\/03\/20250323_100759-300x225.jpg 300w, https:\/\/arbr.fr\/wordpress\/wp-content\/uploads\/2025\/03\/20250323_100759-768x576.jpg 768w, https:\/\/arbr.fr\/wordpress\/wp-content\/uploads\/2025\/03\/20250323_100759-1536x1152.jpg 1536w, https:\/\/arbr.fr\/wordpress\/wp-content\/uploads\/2025\/03\/20250323_100759-2048x1536.jpg 2048w\" sizes=\"(max-width: 391px) 100vw, 391px\" \/>&nbsp; <img loading=\"lazy\" decoding=\"async\" class=\"alignnone  wp-image-7550\" src=\"https:\/\/arbr.fr\/wordpress\/wp-content\/uploads\/2025\/03\/20250323_101225-768x1024.jpg\" alt=\"\" width=\"218\" height=\"291\" srcset=\"https:\/\/arbr.fr\/wordpress\/wp-content\/uploads\/2025\/03\/20250323_101225-768x1024.jpg 768w, https:\/\/arbr.fr\/wordpress\/wp-content\/uploads\/2025\/03\/20250323_101225-225x300.jpg 225w, https:\/\/arbr.fr\/wordpress\/wp-content\/uploads\/2025\/03\/20250323_101225-1152x1536.jpg 1152w, https:\/\/arbr.fr\/wordpress\/wp-content\/uploads\/2025\/03\/20250323_101225-1536x2048.jpg 1536w, https:\/\/arbr.fr\/wordpress\/wp-content\/uploads\/2025\/03\/20250323_101225-scaled.jpg 1920w\" sizes=\"(max-width: 218px) 100vw, 218px\" \/>&nbsp; &nbsp;&nbsp;<\/p>\r\n<p><img loading=\"lazy\" decoding=\"async\" class=\"alignnone  wp-image-7552\" src=\"https:\/\/arbr.fr\/wordpress\/wp-content\/uploads\/2025\/03\/20250323_111054-768x1024.jpg\" alt=\"\" width=\"279\" height=\"372\" srcset=\"https:\/\/arbr.fr\/wordpress\/wp-content\/uploads\/2025\/03\/20250323_111054-768x1024.jpg 768w, https:\/\/arbr.fr\/wordpress\/wp-content\/uploads\/2025\/03\/20250323_111054-225x300.jpg 225w, https:\/\/arbr.fr\/wordpress\/wp-content\/uploads\/2025\/03\/20250323_111054-1152x1536.jpg 1152w, https:\/\/arbr.fr\/wordpress\/wp-content\/uploads\/2025\/03\/20250323_111054-1536x2048.jpg 1536w, https:\/\/arbr.fr\/wordpress\/wp-content\/uploads\/2025\/03\/20250323_111054-scaled.jpg 1920w\" sizes=\"(max-width: 279px) 100vw, 279px\" \/> &nbsp; <img loading=\"lazy\" decoding=\"async\" class=\"alignnone  wp-image-7554\" src=\"https:\/\/arbr.fr\/wordpress\/wp-content\/uploads\/2025\/03\/IMG-20250323-WA0006-472x1024.jpg\" alt=\"\" width=\"175\" height=\"380\" srcset=\"https:\/\/arbr.fr\/wordpress\/wp-content\/uploads\/2025\/03\/IMG-20250323-WA0006-472x1024.jpg 472w, https:\/\/arbr.fr\/wordpress\/wp-content\/uploads\/2025\/03\/IMG-20250323-WA0006-138x300.jpg 138w, https:\/\/arbr.fr\/wordpress\/wp-content\/uploads\/2025\/03\/IMG-20250323-WA0006-768x1666.jpg 768w, https:\/\/arbr.fr\/wordpress\/wp-content\/uploads\/2025\/03\/IMG-20250323-WA0006-708x1536.jpg 708w, https:\/\/arbr.fr\/wordpress\/wp-content\/uploads\/2025\/03\/IMG-20250323-WA0006.jpg 922w\" sizes=\"(max-width: 175px) 100vw, 175px\" \/> &nbsp; <img loading=\"lazy\" decoding=\"async\" class=\"alignnone  wp-image-7553\" src=\"https:\/\/arbr.fr\/wordpress\/wp-content\/uploads\/2025\/03\/20250323_111041-768x1024.jpg\" alt=\"\" width=\"279\" height=\"372\" srcset=\"https:\/\/arbr.fr\/wordpress\/wp-content\/uploads\/2025\/03\/20250323_111041-768x1024.jpg 768w, https:\/\/arbr.fr\/wordpress\/wp-content\/uploads\/2025\/03\/20250323_111041-225x300.jpg 225w, https:\/\/arbr.fr\/wordpress\/wp-content\/uploads\/2025\/03\/20250323_111041-1152x1536.jpg 1152w, https:\/\/arbr.fr\/wordpress\/wp-content\/uploads\/2025\/03\/20250323_111041-1536x2048.jpg 1536w, https:\/\/arbr.fr\/wordpress\/wp-content\/uploads\/2025\/03\/20250323_111041-scaled.jpg 1920w\" sizes=\"(max-width: 279px) 100vw, 279px\" \/><\/p>\r\n<h3>Le petit march\u00e9 des artisans :<\/h3>\r\n<p><img loading=\"lazy\" decoding=\"async\" class=\"alignnone  wp-image-7555\" src=\"https:\/\/arbr.fr\/wordpress\/wp-content\/uploads\/2025\/03\/Affiche-marche-1024x724.jpg\" alt=\"\" width=\"593\" height=\"419\" srcset=\"https:\/\/arbr.fr\/wordpress\/wp-content\/uploads\/2025\/03\/Affiche-marche-1024x724.jpg 1024w, https:\/\/arbr.fr\/wordpress\/wp-content\/uploads\/2025\/03\/Affiche-marche-300x212.jpg 300w, https:\/\/arbr.fr\/wordpress\/wp-content\/uploads\/2025\/03\/Affiche-marche-768x543.jpg 768w, https:\/\/arbr.fr\/wordpress\/wp-content\/uploads\/2025\/03\/Affiche-marche.jpg 1485w\" sizes=\"(max-width: 593px) 100vw, 593px\" \/>&nbsp; <img loading=\"lazy\" decoding=\"async\" class=\"alignnone  wp-image-7589\" src=\"https:\/\/arbr.fr\/wordpress\/wp-content\/uploads\/2025\/03\/Chatourneur-1024x724.jpg\" alt=\"\" width=\"486\" height=\"343\" srcset=\"https:\/\/arbr.fr\/wordpress\/wp-content\/uploads\/2025\/03\/Chatourneur-1024x724.jpg 1024w, https:\/\/arbr.fr\/wordpress\/wp-content\/uploads\/2025\/03\/Chatourneur-300x212.jpg 300w, https:\/\/arbr.fr\/wordpress\/wp-content\/uploads\/2025\/03\/Chatourneur-768x543.jpg 768w, https:\/\/arbr.fr\/wordpress\/wp-content\/uploads\/2025\/03\/Chatourneur-1536x1086.jpg 1536w, https:\/\/arbr.fr\/wordpress\/wp-content\/uploads\/2025\/03\/Chatourneur-2048x1448.jpg 2048w\" sizes=\"(max-width: 486px) 100vw, 486px\" \/><\/p>\r\n<p><img loading=\"lazy\" decoding=\"async\" class=\"alignnone  wp-image-7590\" src=\"https:\/\/arbr.fr\/wordpress\/wp-content\/uploads\/2025\/03\/Maroquinier-1024x724.jpg\" alt=\"\" width=\"586\" height=\"414\" srcset=\"https:\/\/arbr.fr\/wordpress\/wp-content\/uploads\/2025\/03\/Maroquinier-1024x724.jpg 1024w, https:\/\/arbr.fr\/wordpress\/wp-content\/uploads\/2025\/03\/Maroquinier-300x212.jpg 300w, https:\/\/arbr.fr\/wordpress\/wp-content\/uploads\/2025\/03\/Maroquinier-768x543.jpg 768w, https:\/\/arbr.fr\/wordpress\/wp-content\/uploads\/2025\/03\/Maroquinier-1536x1086.jpg 1536w, https:\/\/arbr.fr\/wordpress\/wp-content\/uploads\/2025\/03\/Maroquinier-2048x1448.jpg 2048w\" sizes=\"(max-width: 586px) 100vw, 586px\" \/><img loading=\"lazy\" decoding=\"async\" class=\"alignnone  wp-image-7587\" src=\"https:\/\/arbr.fr\/wordpress\/wp-content\/uploads\/2025\/03\/Affiche-Acaoyer-1024x724.jpg\" alt=\"\" width=\"592\" height=\"418\" srcset=\"https:\/\/arbr.fr\/wordpress\/wp-content\/uploads\/2025\/03\/Affiche-Acaoyer-1024x724.jpg 1024w, https:\/\/arbr.fr\/wordpress\/wp-content\/uploads\/2025\/03\/Affiche-Acaoyer-300x212.jpg 300w, https:\/\/arbr.fr\/wordpress\/wp-content\/uploads\/2025\/03\/Affiche-Acaoyer-768x543.jpg 768w, https:\/\/arbr.fr\/wordpress\/wp-content\/uploads\/2025\/03\/Affiche-Acaoyer-1536x1086.jpg 1536w, https:\/\/arbr.fr\/wordpress\/wp-content\/uploads\/2025\/03\/Affiche-Acaoyer-2048x1448.jpg 2048w\" sizes=\"(max-width: 592px) 100vw, 592px\" \/><\/p>\r\n<p><img loading=\"lazy\" decoding=\"async\" class=\"alignnone  wp-image-7588\" src=\"https:\/\/arbr.fr\/wordpress\/wp-content\/uploads\/2025\/03\/Apiculteur-1024x724.jpg\" alt=\"\" width=\"589\" height=\"416\" srcset=\"https:\/\/arbr.fr\/wordpress\/wp-content\/uploads\/2025\/03\/Apiculteur-1024x724.jpg 1024w, https:\/\/arbr.fr\/wordpress\/wp-content\/uploads\/2025\/03\/Apiculteur-300x212.jpg 300w, https:\/\/arbr.fr\/wordpress\/wp-content\/uploads\/2025\/03\/Apiculteur-768x543.jpg 768w, https:\/\/arbr.fr\/wordpress\/wp-content\/uploads\/2025\/03\/Apiculteur-1536x1086.jpg 1536w, https:\/\/arbr.fr\/wordpress\/wp-content\/uploads\/2025\/03\/Apiculteur-2048x1448.jpg 2048w\" sizes=\"(max-width: 589px) 100vw, 589px\" \/> <img loading=\"lazy\" decoding=\"async\" class=\"alignnone  wp-image-7591\" src=\"https:\/\/arbr.fr\/wordpress\/wp-content\/uploads\/2025\/03\/Fleuriste-1024x724.jpg\" alt=\"\" width=\"591\" height=\"418\" srcset=\"https:\/\/arbr.fr\/wordpress\/wp-content\/uploads\/2025\/03\/Fleuriste-1024x724.jpg 1024w, https:\/\/arbr.fr\/wordpress\/wp-content\/uploads\/2025\/03\/Fleuriste-300x212.jpg 300w, https:\/\/arbr.fr\/wordpress\/wp-content\/uploads\/2025\/03\/Fleuriste-768x543.jpg 768w, https:\/\/arbr.fr\/wordpress\/wp-content\/uploads\/2025\/03\/Fleuriste-1536x1086.jpg 1536w, https:\/\/arbr.fr\/wordpress\/wp-content\/uploads\/2025\/03\/Fleuriste-2048x1448.jpg 2048w\" sizes=\"(max-width: 591px) 100vw, 591px\" \/><\/p>\r\n<p><img loading=\"lazy\" decoding=\"async\" class=\"alignnone  wp-image-7592\" src=\"https:\/\/arbr.fr\/wordpress\/wp-content\/uploads\/2025\/03\/Affiche-Nature-dAnjou-1-1024x724.jpg\" alt=\"\" width=\"585\" height=\"414\" srcset=\"https:\/\/arbr.fr\/wordpress\/wp-content\/uploads\/2025\/03\/Affiche-Nature-dAnjou-1-1024x724.jpg 1024w, https:\/\/arbr.fr\/wordpress\/wp-content\/uploads\/2025\/03\/Affiche-Nature-dAnjou-1-300x212.jpg 300w, https:\/\/arbr.fr\/wordpress\/wp-content\/uploads\/2025\/03\/Affiche-Nature-dAnjou-1-768x543.jpg 768w, https:\/\/arbr.fr\/wordpress\/wp-content\/uploads\/2025\/03\/Affiche-Nature-dAnjou-1-1536x1086.jpg 1536w, https:\/\/arbr.fr\/wordpress\/wp-content\/uploads\/2025\/03\/Affiche-Nature-dAnjou-1-2048x1448.jpg 2048w\" sizes=\"(max-width: 585px) 100vw, 585px\" \/> &nbsp; <img loading=\"lazy\" decoding=\"async\" class=\"alignnone  wp-image-7594\" src=\"https:\/\/arbr.fr\/wordpress\/wp-content\/uploads\/2025\/03\/Affiche-sbnl-1024x756.jpg\" alt=\"\" width=\"565\" height=\"417\" srcset=\"https:\/\/arbr.fr\/wordpress\/wp-content\/uploads\/2025\/03\/Affiche-sbnl-1024x756.jpg 1024w, https:\/\/arbr.fr\/wordpress\/wp-content\/uploads\/2025\/03\/Affiche-sbnl-300x222.jpg 300w, https:\/\/arbr.fr\/wordpress\/wp-content\/uploads\/2025\/03\/Affiche-sbnl-768x567.jpg 768w, https:\/\/arbr.fr\/wordpress\/wp-content\/uploads\/2025\/03\/Affiche-sbnl.jpg 1224w\" sizes=\"(max-width: 565px) 100vw, 565px\" \/><\/p>\r\n<p>&nbsp;<\/p>\r\n<p>L&rsquo;animation musicale du midi avec le groupe des membres du CCBO ( <strong><u><a href=\"https:\/\/www.bing.com\/ck\/a?!&amp;&amp;p=4acb526a6542c5794cc55bca1b207ad01f713693826d70a08593f0f4c0b3029dJmltdHM9MTc0Mjg2MDgwMA&amp;ptn=3&amp;ver=2&amp;hsh=4&amp;fclid=124c4629-2830-603d-2932-535e298961ff&amp;u=a1aHR0cHM6Ly93d3cuYmluZy5jb20vYWxpbmsvbGluaz91cmw9aHR0cHMlM2ElMmYlMmZ3d3cuY2Niby1vcnZhdWx0LmJ6aCUyZiZzb3VyY2U9c2VycC1sb2NhbCZoPUR2dW5KU0p6YXlpZXY1biUyZmVHWUJzck4xV2gxakROTGdncmdXc25PWktkdyUzZCZwPWx3X2xzdHB0JmlnPTgwMTJGM0ZBQjVDODQ1RUU5QjNGNkEzNEZCMzVBNDY0JnlwaWQ9WU4yMDAweDYzMDA0NjMzODIwNjE2NTYxMzE&amp;ntb=1\">Centre Culturel Breton d&rsquo;Orvault<\/a><\/u><\/strong>)<\/p>\r\n<p>autour d&rsquo;Yvon PATTE (accord\u00e9on diatonique) accompagn\u00e9s de Thierry BORET (accord\u00e9on chromatique \u00e0 droite de la photo):<\/p>\r\n<p><img loading=\"lazy\" decoding=\"async\" class=\"alignnone size-full wp-image-7582\" src=\"https:\/\/arbr.fr\/wordpress\/wp-content\/uploads\/2025\/03\/image2-1-rotated.jpeg\" alt=\"\" width=\"480\" height=\"294\" srcset=\"https:\/\/arbr.fr\/wordpress\/wp-content\/uploads\/2025\/03\/image2-1-rotated.jpeg 480w, https:\/\/arbr.fr\/wordpress\/wp-content\/uploads\/2025\/03\/image2-1-300x184.jpeg 300w\" sizes=\"(max-width: 480px) 100vw, 480px\" \/><\/p>\r\n<p>et tout au long du week-end, vous avez pu admirer l&rsquo;exposition des photographes retrait\u00e9s d&rsquo;Orvault (<strong>ORA-photo<\/strong>) :<\/p>\r\n<p>Un grand merci \u00e0 <strong>Thierry BORET et Yvon PATTE<\/strong>.<\/p>\r\n<p><img loading=\"lazy\" decoding=\"async\" class=\"alignnone  wp-image-7302\" src=\"https:\/\/arbr.fr\/wordpress\/wp-content\/uploads\/2025\/02\/Affiche-photo-2-724x1024.jpg\" alt=\"\" width=\"212\" height=\"300\" srcset=\"https:\/\/arbr.fr\/wordpress\/wp-content\/uploads\/2025\/02\/Affiche-photo-2-724x1024.jpg 724w, https:\/\/arbr.fr\/wordpress\/wp-content\/uploads\/2025\/02\/Affiche-photo-2-212x300.jpg 212w, https:\/\/arbr.fr\/wordpress\/wp-content\/uploads\/2025\/02\/Affiche-photo-2-768x1086.jpg 768w, https:\/\/arbr.fr\/wordpress\/wp-content\/uploads\/2025\/02\/Affiche-photo-2-1086x1536.jpg 1086w, https:\/\/arbr.fr\/wordpress\/wp-content\/uploads\/2025\/02\/Affiche-photo-2-1448x2048.jpg 1448w, https:\/\/arbr.fr\/wordpress\/wp-content\/uploads\/2025\/02\/Affiche-photo-2.jpg 1485w\" sizes=\"(max-width: 212px) 100vw, 212px\" \/>&nbsp; <img loading=\"lazy\" decoding=\"async\" class=\"alignnone size-full wp-image-7572\" src=\"https:\/\/arbr.fr\/wordpress\/wp-content\/uploads\/2025\/03\/image0-rotated.jpeg\" alt=\"\" width=\"236\" height=\"304\" srcset=\"https:\/\/arbr.fr\/wordpress\/wp-content\/uploads\/2025\/03\/image0-rotated.jpeg 236w, https:\/\/arbr.fr\/wordpress\/wp-content\/uploads\/2025\/03\/image0-233x300.jpeg 233w\" sizes=\"(max-width: 236px) 100vw, 236px\" \/> <img loading=\"lazy\" decoding=\"async\" class=\"alignnone  wp-image-7573\" src=\"https:\/\/arbr.fr\/wordpress\/wp-content\/uploads\/2025\/03\/image5-rotated.jpeg\" alt=\"\" width=\"410\" height=\"307\" srcset=\"https:\/\/arbr.fr\/wordpress\/wp-content\/uploads\/2025\/03\/image5-rotated.jpeg 640w, https:\/\/arbr.fr\/wordpress\/wp-content\/uploads\/2025\/03\/image5-300x225.jpeg 300w\" sizes=\"(max-width: 410px) 100vw, 410px\" \/><\/p>\r\n<h4><strong>Merci \u00e0 tous d&rsquo;\u00eatre venus nombreux !<\/strong><\/h4>\r\n<p>&nbsp;<\/p>\r\n<p>&nbsp;<\/p>\r\n<p><\/p>\r\n<p>&nbsp;<\/p>\r\n<p>&nbsp;<\/p>\r\n<!-- \/wp:tadv\/classic-paragraph -->\r\n\r\n<!-- wp:tadv\/classic-paragraph \/-->\r\n\r\n<!-- wp:tadv\/classic-paragraph \/-->","protected":false},"excerpt":{"rendered":"<p>Les temps Forts : Les mises en place: les \u00e9quipes techniques et logistiques des b\u00e9n\u00e9voles de l&rsquo;ARBR se sont affair\u00e9es depuis le jeudi jusqu&rsquo;au dimanche pour vous permettre de profiter de toutes ces animations.&#46;&#46;&#46;<\/p>\n","protected":false},"author":4,"featured_media":0,"comment_status":"closed","ping_status":"open","sticky":false,"template":"","format":"standard","meta":{"ngg_post_thumbnail":0,"footnotes":""},"categories":[127],"tags":[],"class_list":["post-7510","post","type-post","status-publish","format-standard","hentry","category-fetes-evennements"],"yoast_head":"<!-- This site is optimized with the Yoast SEO plugin v24.1 - https:\/\/yoast.com\/wordpress\/plugins\/seo\/ -->\n<title>2025 Printemps - ARBR<\/title>\n<meta name=\"robots\" content=\"index, follow, max-snippet:-1, max-image-preview:large, max-video-preview:-1\" \/>\n<link rel=\"canonical\" href=\"https:\/\/arbr.fr\/wordpress\/2025\/03\/2025-printemps\/\" \/>\n<meta property=\"og:locale\" content=\"fr_FR\" \/>\n<meta property=\"og:type\" content=\"article\" \/>\n<meta property=\"og:title\" content=\"2025 Printemps - ARBR\" \/>\n<meta property=\"og:description\" content=\"Les temps Forts : Les mises en place: les \u00e9quipes techniques et logistiques des b\u00e9n\u00e9voles de l&rsquo;ARBR se sont affair\u00e9es depuis le jeudi jusqu&rsquo;au dimanche pour vous permettre de profiter de toutes ces animations.&#046;&#046;&#046;\" \/>\n<meta property=\"og:url\" content=\"https:\/\/arbr.fr\/wordpress\/2025\/03\/2025-printemps\/\" \/>\n<meta property=\"og:site_name\" content=\"ARBR\" \/>\n<meta property=\"article:published_time\" content=\"2025-03-24T13:10:31+00:00\" \/>\n<meta property=\"article:modified_time\" content=\"2025-04-23T09:55:23+00:00\" \/>\n<meta property=\"og:image\" content=\"https:\/\/arbr.fr\/wordpress\/wp-content\/uploads\/2025\/03\/Affiche-journal.jpg\" \/>\n\t<meta property=\"og:image:width\" content=\"2100\" \/>\n\t<meta property=\"og:image:height\" content=\"1485\" \/>\n\t<meta property=\"og:image:type\" content=\"image\/jpeg\" \/>\n<meta name=\"author\" content=\"Anne Solenn ROUAULT\" \/>\n<meta name=\"twitter:card\" content=\"summary_large_image\" \/>\n<meta name=\"twitter:label1\" content=\"\u00c9crit par\" \/>\n\t<meta name=\"twitter:data1\" content=\"Anne Solenn ROUAULT\" \/>\n\t<meta name=\"twitter:label2\" content=\"Dur\u00e9e de lecture estim\u00e9e\" \/>\n\t<meta name=\"twitter:data2\" content=\"11 minutes\" \/>\n<script type=\"application\/ld+json\" class=\"yoast-schema-graph\">{\"@context\":\"https:\/\/schema.org\",\"@graph\":[{\"@type\":\"Article\",\"@id\":\"https:\/\/arbr.fr\/wordpress\/2025\/03\/2025-printemps\/#article\",\"isPartOf\":{\"@id\":\"https:\/\/arbr.fr\/wordpress\/2025\/03\/2025-printemps\/\"},\"author\":{\"name\":\"Anne Solenn ROUAULT\",\"@id\":\"https:\/\/arbr.fr\/wordpress\/#\/schema\/person\/5bad79fe65ceb0004fdb11ec50684407\"},\"headline\":\"2025 Printemps\",\"datePublished\":\"2025-03-24T13:10:31+00:00\",\"dateModified\":\"2025-04-23T09:55:23+00:00\",\"mainEntityOfPage\":{\"@id\":\"https:\/\/arbr.fr\/wordpress\/2025\/03\/2025-printemps\/\"},\"wordCount\":535,\"publisher\":{\"@id\":\"https:\/\/arbr.fr\/wordpress\/#organization\"},\"image\":{\"@id\":\"https:\/\/arbr.fr\/wordpress\/2025\/03\/2025-printemps\/#primaryimage\"},\"thumbnailUrl\":\"https:\/\/arbr.fr\/wordpress\/wp-content\/uploads\/2025\/03\/Affiche-journal-1024x724.jpg\",\"articleSection\":[\"F\u00eates &amp; \u00e9v\u00e8nnements\"],\"inLanguage\":\"fr-FR\"},{\"@type\":\"WebPage\",\"@id\":\"https:\/\/arbr.fr\/wordpress\/2025\/03\/2025-printemps\/\",\"url\":\"https:\/\/arbr.fr\/wordpress\/2025\/03\/2025-printemps\/\",\"name\":\"2025 Printemps - ARBR\",\"isPartOf\":{\"@id\":\"https:\/\/arbr.fr\/wordpress\/#website\"},\"primaryImageOfPage\":{\"@id\":\"https:\/\/arbr.fr\/wordpress\/2025\/03\/2025-printemps\/#primaryimage\"},\"image\":{\"@id\":\"https:\/\/arbr.fr\/wordpress\/2025\/03\/2025-printemps\/#primaryimage\"},\"thumbnailUrl\":\"https:\/\/arbr.fr\/wordpress\/wp-content\/uploads\/2025\/03\/Affiche-journal-1024x724.jpg\",\"datePublished\":\"2025-03-24T13:10:31+00:00\",\"dateModified\":\"2025-04-23T09:55:23+00:00\",\"breadcrumb\":{\"@id\":\"https:\/\/arbr.fr\/wordpress\/2025\/03\/2025-printemps\/#breadcrumb\"},\"inLanguage\":\"fr-FR\",\"potentialAction\":[{\"@type\":\"ReadAction\",\"target\":[\"https:\/\/arbr.fr\/wordpress\/2025\/03\/2025-printemps\/\"]}]},{\"@type\":\"ImageObject\",\"inLanguage\":\"fr-FR\",\"@id\":\"https:\/\/arbr.fr\/wordpress\/2025\/03\/2025-printemps\/#primaryimage\",\"url\":\"https:\/\/arbr.fr\/wordpress\/wp-content\/uploads\/2025\/03\/Affiche-journal.jpg\",\"contentUrl\":\"https:\/\/arbr.fr\/wordpress\/wp-content\/uploads\/2025\/03\/Affiche-journal.jpg\",\"width\":2100,\"height\":1485},{\"@type\":\"BreadcrumbList\",\"@id\":\"https:\/\/arbr.fr\/wordpress\/2025\/03\/2025-printemps\/#breadcrumb\",\"itemListElement\":[{\"@type\":\"ListItem\",\"position\":1,\"name\":\"Accueil\",\"item\":\"https:\/\/arbr.fr\/wordpress\/\"},{\"@type\":\"ListItem\",\"position\":2,\"name\":\"2025 Printemps\"}]},{\"@type\":\"WebSite\",\"@id\":\"https:\/\/arbr.fr\/wordpress\/#website\",\"url\":\"https:\/\/arbr.fr\/wordpress\/\",\"name\":\"ARBR\",\"description\":\"Association des r\u00e9sidents du Bois Raguenet\",\"publisher\":{\"@id\":\"https:\/\/arbr.fr\/wordpress\/#organization\"},\"potentialAction\":[{\"@type\":\"SearchAction\",\"target\":{\"@type\":\"EntryPoint\",\"urlTemplate\":\"https:\/\/arbr.fr\/wordpress\/?s={search_term_string}\"},\"query-input\":{\"@type\":\"PropertyValueSpecification\",\"valueRequired\":true,\"valueName\":\"search_term_string\"}}],\"inLanguage\":\"fr-FR\"},{\"@type\":\"Organization\",\"@id\":\"https:\/\/arbr.fr\/wordpress\/#organization\",\"name\":\"ARBR\",\"url\":\"https:\/\/arbr.fr\/wordpress\/\",\"logo\":{\"@type\":\"ImageObject\",\"inLanguage\":\"fr-FR\",\"@id\":\"https:\/\/arbr.fr\/wordpress\/#\/schema\/logo\/image\/\",\"url\":\"https:\/\/arbr.fr\/wordpress\/wp-content\/uploads\/2017\/03\/0.png\",\"contentUrl\":\"https:\/\/arbr.fr\/wordpress\/wp-content\/uploads\/2017\/03\/0.png\",\"width\":650,\"height\":283,\"caption\":\"ARBR\"},\"image\":{\"@id\":\"https:\/\/arbr.fr\/wordpress\/#\/schema\/logo\/image\/\"}},{\"@type\":\"Person\",\"@id\":\"https:\/\/arbr.fr\/wordpress\/#\/schema\/person\/5bad79fe65ceb0004fdb11ec50684407\",\"name\":\"Anne Solenn ROUAULT\",\"image\":{\"@type\":\"ImageObject\",\"inLanguage\":\"fr-FR\",\"@id\":\"https:\/\/arbr.fr\/wordpress\/#\/schema\/person\/image\/\",\"url\":\"https:\/\/secure.gravatar.com\/avatar\/2ebae0e0e658712e6f7866720a6ddb7c?s=96&d=mm&r=g\",\"contentUrl\":\"https:\/\/secure.gravatar.com\/avatar\/2ebae0e0e658712e6f7866720a6ddb7c?s=96&d=mm&r=g\",\"caption\":\"Anne Solenn ROUAULT\"}}]}<\/script>\n<!-- \/ Yoast SEO plugin. -->","yoast_head_json":{"title":"2025 Printemps - ARBR","robots":{"index":"index","follow":"follow","max-snippet":"max-snippet:-1","max-image-preview":"max-image-preview:large","max-video-preview":"max-video-preview:-1"},"canonical":"https:\/\/arbr.fr\/wordpress\/2025\/03\/2025-printemps\/","og_locale":"fr_FR","og_type":"article","og_title":"2025 Printemps - ARBR","og_description":"Les temps Forts : Les mises en place: les \u00e9quipes techniques et logistiques des b\u00e9n\u00e9voles de l&rsquo;ARBR se sont affair\u00e9es depuis le jeudi jusqu&rsquo;au dimanche pour vous permettre de profiter de toutes ces animations.&#46;&#46;&#46;","og_url":"https:\/\/arbr.fr\/wordpress\/2025\/03\/2025-printemps\/","og_site_name":"ARBR","article_published_time":"2025-03-24T13:10:31+00:00","article_modified_time":"2025-04-23T09:55:23+00:00","og_image":[{"width":2100,"height":1485,"url":"https:\/\/arbr.fr\/wordpress\/wp-content\/uploads\/2025\/03\/Affiche-journal.jpg","type":"image\/jpeg"}],"author":"Anne Solenn ROUAULT","twitter_card":"summary_large_image","twitter_misc":{"\u00c9crit par":"Anne Solenn ROUAULT","Dur\u00e9e de lecture estim\u00e9e":"11 minutes"},"schema":{"@context":"https:\/\/schema.org","@graph":[{"@type":"Article","@id":"https:\/\/arbr.fr\/wordpress\/2025\/03\/2025-printemps\/#article","isPartOf":{"@id":"https:\/\/arbr.fr\/wordpress\/2025\/03\/2025-printemps\/"},"author":{"name":"Anne Solenn ROUAULT","@id":"https:\/\/arbr.fr\/wordpress\/#\/schema\/person\/5bad79fe65ceb0004fdb11ec50684407"},"headline":"2025 Printemps","datePublished":"2025-03-24T13:10:31+00:00","dateModified":"2025-04-23T09:55:23+00:00","mainEntityOfPage":{"@id":"https:\/\/arbr.fr\/wordpress\/2025\/03\/2025-printemps\/"},"wordCount":535,"publisher":{"@id":"https:\/\/arbr.fr\/wordpress\/#organization"},"image":{"@id":"https:\/\/arbr.fr\/wordpress\/2025\/03\/2025-printemps\/#primaryimage"},"thumbnailUrl":"https:\/\/arbr.fr\/wordpress\/wp-content\/uploads\/2025\/03\/Affiche-journal-1024x724.jpg","articleSection":["F\u00eates &amp; \u00e9v\u00e8nnements"],"inLanguage":"fr-FR"},{"@type":"WebPage","@id":"https:\/\/arbr.fr\/wordpress\/2025\/03\/2025-printemps\/","url":"https:\/\/arbr.fr\/wordpress\/2025\/03\/2025-printemps\/","name":"2025 Printemps - ARBR","isPartOf":{"@id":"https:\/\/arbr.fr\/wordpress\/#website"},"primaryImageOfPage":{"@id":"https:\/\/arbr.fr\/wordpress\/2025\/03\/2025-printemps\/#primaryimage"},"image":{"@id":"https:\/\/arbr.fr\/wordpress\/2025\/03\/2025-printemps\/#primaryimage"},"thumbnailUrl":"https:\/\/arbr.fr\/wordpress\/wp-content\/uploads\/2025\/03\/Affiche-journal-1024x724.jpg","datePublished":"2025-03-24T13:10:31+00:00","dateModified":"2025-04-23T09:55:23+00:00","breadcrumb":{"@id":"https:\/\/arbr.fr\/wordpress\/2025\/03\/2025-printemps\/#breadcrumb"},"inLanguage":"fr-FR","potentialAction":[{"@type":"ReadAction","target":["https:\/\/arbr.fr\/wordpress\/2025\/03\/2025-printemps\/"]}]},{"@type":"ImageObject","inLanguage":"fr-FR","@id":"https:\/\/arbr.fr\/wordpress\/2025\/03\/2025-printemps\/#primaryimage","url":"https:\/\/arbr.fr\/wordpress\/wp-content\/uploads\/2025\/03\/Affiche-journal.jpg","contentUrl":"https:\/\/arbr.fr\/wordpress\/wp-content\/uploads\/2025\/03\/Affiche-journal.jpg","width":2100,"height":1485},{"@type":"BreadcrumbList","@id":"https:\/\/arbr.fr\/wordpress\/2025\/03\/2025-printemps\/#breadcrumb","itemListElement":[{"@type":"ListItem","position":1,"name":"Accueil","item":"https:\/\/arbr.fr\/wordpress\/"},{"@type":"ListItem","position":2,"name":"2025 Printemps"}]},{"@type":"WebSite","@id":"https:\/\/arbr.fr\/wordpress\/#website","url":"https:\/\/arbr.fr\/wordpress\/","name":"ARBR","description":"Association des r\u00e9sidents du Bois Raguenet","publisher":{"@id":"https:\/\/arbr.fr\/wordpress\/#organization"},"potentialAction":[{"@type":"SearchAction","target":{"@type":"EntryPoint","urlTemplate":"https:\/\/arbr.fr\/wordpress\/?s={search_term_string}"},"query-input":{"@type":"PropertyValueSpecification","valueRequired":true,"valueName":"search_term_string"}}],"inLanguage":"fr-FR"},{"@type":"Organization","@id":"https:\/\/arbr.fr\/wordpress\/#organization","name":"ARBR","url":"https:\/\/arbr.fr\/wordpress\/","logo":{"@type":"ImageObject","inLanguage":"fr-FR","@id":"https:\/\/arbr.fr\/wordpress\/#\/schema\/logo\/image\/","url":"https:\/\/arbr.fr\/wordpress\/wp-content\/uploads\/2017\/03\/0.png","contentUrl":"https:\/\/arbr.fr\/wordpress\/wp-content\/uploads\/2017\/03\/0.png","width":650,"height":283,"caption":"ARBR"},"image":{"@id":"https:\/\/arbr.fr\/wordpress\/#\/schema\/logo\/image\/"}},{"@type":"Person","@id":"https:\/\/arbr.fr\/wordpress\/#\/schema\/person\/5bad79fe65ceb0004fdb11ec50684407","name":"Anne Solenn ROUAULT","image":{"@type":"ImageObject","inLanguage":"fr-FR","@id":"https:\/\/arbr.fr\/wordpress\/#\/schema\/person\/image\/","url":"https:\/\/secure.gravatar.com\/avatar\/2ebae0e0e658712e6f7866720a6ddb7c?s=96&d=mm&r=g","contentUrl":"https:\/\/secure.gravatar.com\/avatar\/2ebae0e0e658712e6f7866720a6ddb7c?s=96&d=mm&r=g","caption":"Anne Solenn ROUAULT"}}]}},"_links":{"self":[{"href":"https:\/\/arbr.fr\/wordpress\/wp-json\/wp\/v2\/posts\/7510"}],"collection":[{"href":"https:\/\/arbr.fr\/wordpress\/wp-json\/wp\/v2\/posts"}],"about":[{"href":"https:\/\/arbr.fr\/wordpress\/wp-json\/wp\/v2\/types\/post"}],"author":[{"embeddable":true,"href":"https:\/\/arbr.fr\/wordpress\/wp-json\/wp\/v2\/users\/4"}],"replies":[{"embeddable":true,"href":"https:\/\/arbr.fr\/wordpress\/wp-json\/wp\/v2\/comments?post=7510"}],"version-history":[{"count":34,"href":"https:\/\/arbr.fr\/wordpress\/wp-json\/wp\/v2\/posts\/7510\/revisions"}],"predecessor-version":[{"id":7699,"href":"https:\/\/arbr.fr\/wordpress\/wp-json\/wp\/v2\/posts\/7510\/revisions\/7699"}],"wp:attachment":[{"href":"https:\/\/arbr.fr\/wordpress\/wp-json\/wp\/v2\/media?parent=7510"}],"wp:term":[{"taxonomy":"category","embeddable":true,"href":"https:\/\/arbr.fr\/wordpress\/wp-json\/wp\/v2\/categories?post=7510"},{"taxonomy":"post_tag","embeddable":true,"href":"https:\/\/arbr.fr\/wordpress\/wp-json\/wp\/v2\/tags?post=7510"}],"curies":[{"name":"wp","href":"https:\/\/api.w.org\/{rel}","templated":true}]}}