{"id":2927,"date":"2021-11-20T09:57:45","date_gmt":"2021-11-20T08:57:45","guid":{"rendered":"https:\/\/arbr.fr\/wordpress\/?p=2927"},"modified":"2021-12-06T10:19:20","modified_gmt":"2021-12-06T09:19:20","slug":"cross-les-couleurs-dautomne-2021","status":"publish","type":"post","link":"https:\/\/arbr.fr\/wordpress\/2021\/11\/cross-les-couleurs-dautomne-2021\/","title":{"rendered":"Cross \u00ab\u00a0LES COULEURS D&rsquo;AUTOMNE\u00a0\u00bb 2021"},"content":{"rendered":"\n<p>Quel plaisir de relancer cette rencontre que les enfants aiment tant disputer pour avoir le grand bonheur d\u2019une m\u00e9daille autour du cou, de pouvoir caresser des yeux ces coupes si pleines de gloire !<\/p>\n<p>Il y avait du Jaune en nombre pour nos petits du CP CE1, du Rouge tout aussi nombreux pour nos moyens CE2 CM1, CM2, un peu moins de Bleu chez nos pr\u00e9-ados coll\u00e9giens, et une bonne quantit\u00e9 de Rose emmen\u00e9e par SUPER-HEROSE avec sa cape au vent\u00a0!<\/p>\n<p>Un Dominique animateur au micro baign\u00e9 d\u2019humour et fantaisie d\u00e9gainant les tops d\u00e9part apr\u00e8s \u00e9chauffements donn\u00e9s par nos deux li\u00e8vres Aymeric et Erwan \u00e0 nos chers petits lapines et lapins voire lapereaux\u00a0!\u00a0 Pour un circuit au c\u0153ur de notre parc balis\u00e9 par nos commissaires Bertrand et nos 2 Thierry apr\u00e8s une entame sur le chemin des m\u00e2tines, une descente jusqu\u2019\u00e0 l\u2019\u00e9tang puis la mont\u00e9e coupe-pattes le long du mur de pierres pour un sprint final jusqu\u2019\u00e0 la ferme Poisson.<\/p>\n<p>Une remise des troph\u00e9es par Marie H\u00e9l\u00e8ne notre Pr\u00e9sidente \u00e0 nos sportives et sportifs h\u00e9ros du jour Zia, Zo\u00e9, Emma, Robinson, Yehudi et Justin. Madeline et Fabien venant compl\u00e9ter le tableau pour la photo ouvrant le buffet ap\u00e9ro pr\u00e9par\u00e9 par nos b\u00e9n\u00e9voles G\u00e9rard au tire-bouchon et manutention en tous genres, Anne, Sylviane, Lysiane, Annie, Armelle au tartinage et service \u2026. toutes et tous avec la \u00ab\u00a0banane\u00a0\u00bb de voir \u00a0que l\u2019ARBR c\u2019est plus que des activit\u00e9s mais aussi des moments partag\u00e9s.<\/p>\n<p>Nous comptons sur vous pour vous approprier encore plus l\u2019ARBR et ses \u00ab\u00a0moments\u00a0\u00bb ponctuels Caf\u00e9-philo, Exposition, soir\u00e9e concert, \u2026.<\/p>\n\n\n\nngg_shortcode_0_placeholder\n","protected":false},"excerpt":{"rendered":"<p>Quel plaisir de relancer cette rencontre que les enfants aiment tant disputer pour avoir le grand bonheur d\u2019une m\u00e9daille autour du cou, de pouvoir caresser des yeux ces coupes si pleines de gloire !&#46;&#46;&#46;<\/p>\n","protected":false},"author":3,"featured_media":0,"comment_status":"closed","ping_status":"open","sticky":false,"template":"","format":"standard","meta":{"ngg_post_thumbnail":223,"footnotes":""},"categories":[36,3],"tags":[],"class_list":["post-2927","post","type-post","status-publish","format-standard","hentry","category-informations","category-journal"],"yoast_head":"<!-- This site is optimized with the Yoast SEO plugin v24.1 - https:\/\/yoast.com\/wordpress\/plugins\/seo\/ -->\n<title>Cross &quot;LES COULEURS D&#039;AUTOMNE&quot; 2021 - ARBR<\/title>\n<meta name=\"robots\" content=\"index, follow, max-snippet:-1, max-image-preview:large, max-video-preview:-1\" \/>\n<link rel=\"canonical\" href=\"https:\/\/arbr.fr\/wordpress\/2021\/11\/cross-les-couleurs-dautomne-2021\/\" \/>\n<meta property=\"og:locale\" content=\"fr_FR\" \/>\n<meta property=\"og:type\" content=\"article\" \/>\n<meta property=\"og:title\" content=\"Cross &quot;LES COULEURS D&#039;AUTOMNE&quot; 2021 - ARBR\" \/>\n<meta property=\"og:description\" content=\"Quel plaisir de relancer cette rencontre que les enfants aiment tant disputer pour avoir le grand bonheur d\u2019une m\u00e9daille autour du cou, de pouvoir caresser des yeux ces coupes si pleines de gloire !&#046;&#046;&#046;\" \/>\n<meta property=\"og:url\" content=\"https:\/\/arbr.fr\/wordpress\/2021\/11\/cross-les-couleurs-dautomne-2021\/\" \/>\n<meta property=\"og:site_name\" content=\"ARBR\" \/>\n<meta property=\"article:published_time\" content=\"2021-11-20T08:57:45+00:00\" \/>\n<meta property=\"article:modified_time\" content=\"2021-12-06T09:19:20+00:00\" \/>\n<meta name=\"author\" content=\"Bruno Resano\" \/>\n<meta name=\"twitter:card\" content=\"summary_large_image\" \/>\n<meta name=\"twitter:label1\" content=\"\u00c9crit par\" \/>\n\t<meta name=\"twitter:data1\" content=\"Bruno Resano\" \/>\n\t<meta name=\"twitter:label2\" content=\"Dur\u00e9e de lecture estim\u00e9e\" \/>\n\t<meta name=\"twitter:data2\" content=\"2 minutes\" \/>\n<script type=\"application\/ld+json\" class=\"yoast-schema-graph\">{\"@context\":\"https:\/\/schema.org\",\"@graph\":[{\"@type\":\"Article\",\"@id\":\"https:\/\/arbr.fr\/wordpress\/2021\/11\/cross-les-couleurs-dautomne-2021\/#article\",\"isPartOf\":{\"@id\":\"https:\/\/arbr.fr\/wordpress\/2021\/11\/cross-les-couleurs-dautomne-2021\/\"},\"author\":{\"name\":\"Bruno Resano\",\"@id\":\"https:\/\/arbr.fr\/wordpress\/#\/schema\/person\/31a897d20aa3ca4f3bc1c3cccec85ebc\"},\"headline\":\"Cross \u00ab\u00a0LES COULEURS D&rsquo;AUTOMNE\u00a0\u00bb 2021\",\"datePublished\":\"2021-11-20T08:57:45+00:00\",\"dateModified\":\"2021-12-06T09:19:20+00:00\",\"mainEntityOfPage\":{\"@id\":\"https:\/\/arbr.fr\/wordpress\/2021\/11\/cross-les-couleurs-dautomne-2021\/\"},\"wordCount\":300,\"publisher\":{\"@id\":\"https:\/\/arbr.fr\/wordpress\/#organization\"},\"articleSection\":[\"Informations\",\"Journal\"],\"inLanguage\":\"fr-FR\"},{\"@type\":\"WebPage\",\"@id\":\"https:\/\/arbr.fr\/wordpress\/2021\/11\/cross-les-couleurs-dautomne-2021\/\",\"url\":\"https:\/\/arbr.fr\/wordpress\/2021\/11\/cross-les-couleurs-dautomne-2021\/\",\"name\":\"Cross \\\"LES COULEURS D'AUTOMNE\\\" 2021 - ARBR\",\"isPartOf\":{\"@id\":\"https:\/\/arbr.fr\/wordpress\/#website\"},\"datePublished\":\"2021-11-20T08:57:45+00:00\",\"dateModified\":\"2021-12-06T09:19:20+00:00\",\"breadcrumb\":{\"@id\":\"https:\/\/arbr.fr\/wordpress\/2021\/11\/cross-les-couleurs-dautomne-2021\/#breadcrumb\"},\"inLanguage\":\"fr-FR\",\"potentialAction\":[{\"@type\":\"ReadAction\",\"target\":[\"https:\/\/arbr.fr\/wordpress\/2021\/11\/cross-les-couleurs-dautomne-2021\/\"]}]},{\"@type\":\"BreadcrumbList\",\"@id\":\"https:\/\/arbr.fr\/wordpress\/2021\/11\/cross-les-couleurs-dautomne-2021\/#breadcrumb\",\"itemListElement\":[{\"@type\":\"ListItem\",\"position\":1,\"name\":\"Accueil\",\"item\":\"https:\/\/arbr.fr\/wordpress\/\"},{\"@type\":\"ListItem\",\"position\":2,\"name\":\"Cross \u00ab\u00a0LES COULEURS D&rsquo;AUTOMNE\u00a0\u00bb 2021\"}]},{\"@type\":\"WebSite\",\"@id\":\"https:\/\/arbr.fr\/wordpress\/#website\",\"url\":\"https:\/\/arbr.fr\/wordpress\/\",\"name\":\"ARBR\",\"description\":\"Association des r\u00e9sidents du Bois Raguenet\",\"publisher\":{\"@id\":\"https:\/\/arbr.fr\/wordpress\/#organization\"},\"potentialAction\":[{\"@type\":\"SearchAction\",\"target\":{\"@type\":\"EntryPoint\",\"urlTemplate\":\"https:\/\/arbr.fr\/wordpress\/?s={search_term_string}\"},\"query-input\":{\"@type\":\"PropertyValueSpecification\",\"valueRequired\":true,\"valueName\":\"search_term_string\"}}],\"inLanguage\":\"fr-FR\"},{\"@type\":\"Organization\",\"@id\":\"https:\/\/arbr.fr\/wordpress\/#organization\",\"name\":\"ARBR\",\"url\":\"https:\/\/arbr.fr\/wordpress\/\",\"logo\":{\"@type\":\"ImageObject\",\"inLanguage\":\"fr-FR\",\"@id\":\"https:\/\/arbr.fr\/wordpress\/#\/schema\/logo\/image\/\",\"url\":\"https:\/\/arbr.fr\/wordpress\/wp-content\/uploads\/2017\/03\/0.png\",\"contentUrl\":\"https:\/\/arbr.fr\/wordpress\/wp-content\/uploads\/2017\/03\/0.png\",\"width\":650,\"height\":283,\"caption\":\"ARBR\"},\"image\":{\"@id\":\"https:\/\/arbr.fr\/wordpress\/#\/schema\/logo\/image\/\"}},{\"@type\":\"Person\",\"@id\":\"https:\/\/arbr.fr\/wordpress\/#\/schema\/person\/31a897d20aa3ca4f3bc1c3cccec85ebc\",\"name\":\"Bruno Resano\",\"image\":{\"@type\":\"ImageObject\",\"inLanguage\":\"fr-FR\",\"@id\":\"https:\/\/arbr.fr\/wordpress\/#\/schema\/person\/image\/\",\"url\":\"https:\/\/secure.gravatar.com\/avatar\/9f5450f4cbebb7905857e90e45ddf5aa?s=96&d=mm&r=g\",\"contentUrl\":\"https:\/\/secure.gravatar.com\/avatar\/9f5450f4cbebb7905857e90e45ddf5aa?s=96&d=mm&r=g\",\"caption\":\"Bruno Resano\"}}]}<\/script>\n<!-- \/ Yoast SEO plugin. -->","yoast_head_json":{"title":"Cross \"LES COULEURS D'AUTOMNE\" 2021 - ARBR","robots":{"index":"index","follow":"follow","max-snippet":"max-snippet:-1","max-image-preview":"max-image-preview:large","max-video-preview":"max-video-preview:-1"},"canonical":"https:\/\/arbr.fr\/wordpress\/2021\/11\/cross-les-couleurs-dautomne-2021\/","og_locale":"fr_FR","og_type":"article","og_title":"Cross \"LES COULEURS D'AUTOMNE\" 2021 - ARBR","og_description":"Quel plaisir de relancer cette rencontre que les enfants aiment tant disputer pour avoir le grand bonheur d\u2019une m\u00e9daille autour du cou, de pouvoir caresser des yeux ces coupes si pleines de gloire !&#46;&#46;&#46;","og_url":"https:\/\/arbr.fr\/wordpress\/2021\/11\/cross-les-couleurs-dautomne-2021\/","og_site_name":"ARBR","article_published_time":"2021-11-20T08:57:45+00:00","article_modified_time":"2021-12-06T09:19:20+00:00","author":"Bruno Resano","twitter_card":"summary_large_image","twitter_misc":{"\u00c9crit par":"Bruno Resano","Dur\u00e9e de lecture estim\u00e9e":"2 minutes"},"schema":{"@context":"https:\/\/schema.org","@graph":[{"@type":"Article","@id":"https:\/\/arbr.fr\/wordpress\/2021\/11\/cross-les-couleurs-dautomne-2021\/#article","isPartOf":{"@id":"https:\/\/arbr.fr\/wordpress\/2021\/11\/cross-les-couleurs-dautomne-2021\/"},"author":{"name":"Bruno Resano","@id":"https:\/\/arbr.fr\/wordpress\/#\/schema\/person\/31a897d20aa3ca4f3bc1c3cccec85ebc"},"headline":"Cross \u00ab\u00a0LES COULEURS D&rsquo;AUTOMNE\u00a0\u00bb 2021","datePublished":"2021-11-20T08:57:45+00:00","dateModified":"2021-12-06T09:19:20+00:00","mainEntityOfPage":{"@id":"https:\/\/arbr.fr\/wordpress\/2021\/11\/cross-les-couleurs-dautomne-2021\/"},"wordCount":300,"publisher":{"@id":"https:\/\/arbr.fr\/wordpress\/#organization"},"articleSection":["Informations","Journal"],"inLanguage":"fr-FR"},{"@type":"WebPage","@id":"https:\/\/arbr.fr\/wordpress\/2021\/11\/cross-les-couleurs-dautomne-2021\/","url":"https:\/\/arbr.fr\/wordpress\/2021\/11\/cross-les-couleurs-dautomne-2021\/","name":"Cross \"LES COULEURS D'AUTOMNE\" 2021 - ARBR","isPartOf":{"@id":"https:\/\/arbr.fr\/wordpress\/#website"},"datePublished":"2021-11-20T08:57:45+00:00","dateModified":"2021-12-06T09:19:20+00:00","breadcrumb":{"@id":"https:\/\/arbr.fr\/wordpress\/2021\/11\/cross-les-couleurs-dautomne-2021\/#breadcrumb"},"inLanguage":"fr-FR","potentialAction":[{"@type":"ReadAction","target":["https:\/\/arbr.fr\/wordpress\/2021\/11\/cross-les-couleurs-dautomne-2021\/"]}]},{"@type":"BreadcrumbList","@id":"https:\/\/arbr.fr\/wordpress\/2021\/11\/cross-les-couleurs-dautomne-2021\/#breadcrumb","itemListElement":[{"@type":"ListItem","position":1,"name":"Accueil","item":"https:\/\/arbr.fr\/wordpress\/"},{"@type":"ListItem","position":2,"name":"Cross \u00ab\u00a0LES COULEURS D&rsquo;AUTOMNE\u00a0\u00bb 2021"}]},{"@type":"WebSite","@id":"https:\/\/arbr.fr\/wordpress\/#website","url":"https:\/\/arbr.fr\/wordpress\/","name":"ARBR","description":"Association des r\u00e9sidents du Bois Raguenet","publisher":{"@id":"https:\/\/arbr.fr\/wordpress\/#organization"},"potentialAction":[{"@type":"SearchAction","target":{"@type":"EntryPoint","urlTemplate":"https:\/\/arbr.fr\/wordpress\/?s={search_term_string}"},"query-input":{"@type":"PropertyValueSpecification","valueRequired":true,"valueName":"search_term_string"}}],"inLanguage":"fr-FR"},{"@type":"Organization","@id":"https:\/\/arbr.fr\/wordpress\/#organization","name":"ARBR","url":"https:\/\/arbr.fr\/wordpress\/","logo":{"@type":"ImageObject","inLanguage":"fr-FR","@id":"https:\/\/arbr.fr\/wordpress\/#\/schema\/logo\/image\/","url":"https:\/\/arbr.fr\/wordpress\/wp-content\/uploads\/2017\/03\/0.png","contentUrl":"https:\/\/arbr.fr\/wordpress\/wp-content\/uploads\/2017\/03\/0.png","width":650,"height":283,"caption":"ARBR"},"image":{"@id":"https:\/\/arbr.fr\/wordpress\/#\/schema\/logo\/image\/"}},{"@type":"Person","@id":"https:\/\/arbr.fr\/wordpress\/#\/schema\/person\/31a897d20aa3ca4f3bc1c3cccec85ebc","name":"Bruno Resano","image":{"@type":"ImageObject","inLanguage":"fr-FR","@id":"https:\/\/arbr.fr\/wordpress\/#\/schema\/person\/image\/","url":"https:\/\/secure.gravatar.com\/avatar\/9f5450f4cbebb7905857e90e45ddf5aa?s=96&d=mm&r=g","contentUrl":"https:\/\/secure.gravatar.com\/avatar\/9f5450f4cbebb7905857e90e45ddf5aa?s=96&d=mm&r=g","caption":"Bruno Resano"}}]}},"_links":{"self":[{"href":"https:\/\/arbr.fr\/wordpress\/wp-json\/wp\/v2\/posts\/2927"}],"collection":[{"href":"https:\/\/arbr.fr\/wordpress\/wp-json\/wp\/v2\/posts"}],"about":[{"href":"https:\/\/arbr.fr\/wordpress\/wp-json\/wp\/v2\/types\/post"}],"author":[{"embeddable":true,"href":"https:\/\/arbr.fr\/wordpress\/wp-json\/wp\/v2\/users\/3"}],"replies":[{"embeddable":true,"href":"https:\/\/arbr.fr\/wordpress\/wp-json\/wp\/v2\/comments?post=2927"}],"version-history":[{"count":2,"href":"https:\/\/arbr.fr\/wordpress\/wp-json\/wp\/v2\/posts\/2927\/revisions"}],"predecessor-version":[{"id":3108,"href":"https:\/\/arbr.fr\/wordpress\/wp-json\/wp\/v2\/posts\/2927\/revisions\/3108"}],"wp:attachment":[{"href":"https:\/\/arbr.fr\/wordpress\/wp-json\/wp\/v2\/media?parent=2927"}],"wp:term":[{"taxonomy":"category","embeddable":true,"href":"https:\/\/arbr.fr\/wordpress\/wp-json\/wp\/v2\/categories?post=2927"},{"taxonomy":"post_tag","embeddable":true,"href":"https:\/\/arbr.fr\/wordpress\/wp-json\/wp\/v2\/tags?post=2927"}],"curies":[{"name":"wp","href":"https:\/\/api.w.org\/{rel}","templated":true}]}}