{"id":2210,"date":"2021-05-16T15:34:01","date_gmt":"2021-05-16T13:34:01","guid":{"rendered":"https:\/\/arbr.fr\/wordpress\/?p=2210"},"modified":"2021-05-16T15:42:00","modified_gmt":"2021-05-16T13:42:00","slug":"la-troupe-du-theatre-de-larbr-ouvre-ses-portes-a-de-nouveaux-comediennes-et-comediens","status":"publish","type":"post","link":"https:\/\/arbr.fr\/wordpress\/2021\/05\/la-troupe-du-theatre-de-larbr-ouvre-ses-portes-a-de-nouveaux-comediennes-et-comediens\/","title":{"rendered":"La Troupe de Th\u00e9\u00e2tre de l\u2019ARBR recrute pour la saison 2021-2022"},"content":{"rendered":"<p>&nbsp;<\/p>\n<h3 style=\"text-align: center;\">La troupe du th\u00e9\u00e2tre de l\u2019ARBR ouvre ses portes \u00e0 de nouveaux com\u00e9diennes et com\u00e9diens.<\/h3>\n<p>&nbsp;<\/p>\n<p>Peut-\u00eatre que vous, parents ou vos amis entre 25 et 35 ans aimeriez \u00ab monter \u00bb sur sc\u00e8ne.<\/p>\n<p>Nous pouvons d\u00e8s cette ann\u00e9e vous proposer un petit r\u00f4le dans la prochaine pi\u00e8ce que nous interpr\u00e9terons au th\u00e9\u00e2tre de la Gobini\u00e8re \u00e0 Orvault , du 21 au 23 et du 28 au 30 janvier 2022.<br \/>\n(cf ARBR.fr , rubrique th\u00e9\u00e2tre)<\/p>\n<p>Les r\u00e9p\u00e9titions commenceront ( si tout va bien) d\u00e9but septembre, chaque mercredi soir de 20h \u00e0 22h et un samedi apr\u00e8s midi sur deux, salle Louis Jouvet , au centre St\u00e9vin.<\/p>\n<p>Alors si l\u2019envie de partager de bons moments avec nous vous int\u00e9resse , n\u2019h\u00e9sitez pas \u00e0 <strong>contacter Fran\u00e7oise au 07 49 47 45 25 ou au 06 16 70 62 81<\/strong>.<\/p>\n<p>A tr\u00e8s bient\u00f4t<br \/>\nLa troupe de th\u00e9\u00e2tre de l\u2019ARBR<\/p>\n","protected":false},"excerpt":{"rendered":"<p>&nbsp; La troupe du th\u00e9\u00e2tre de l\u2019ARBR ouvre ses portes \u00e0 de nouveaux com\u00e9diennes et com\u00e9diens. &nbsp; Peut-\u00eatre que vous, parents ou vos amis entre 25 et 35 ans aimeriez \u00ab monter \u00bb sur&#46;&#46;&#46;<\/p>\n","protected":false},"author":3,"featured_media":0,"comment_status":"closed","ping_status":"open","sticky":false,"template":"","format":"standard","meta":{"ngg_post_thumbnail":0,"footnotes":""},"categories":[36,27],"tags":[],"class_list":["post-2210","post","type-post","status-publish","format-standard","hentry","category-informations","category-theatre"],"yoast_head":"<!-- This site is optimized with the Yoast SEO plugin v24.1 - https:\/\/yoast.com\/wordpress\/plugins\/seo\/ -->\n<title>La Troupe de Th\u00e9\u00e2tre de l\u2019ARBR recrute pour la saison 2021-2022 - ARBR<\/title>\n<meta name=\"robots\" content=\"index, follow, max-snippet:-1, max-image-preview:large, max-video-preview:-1\" \/>\n<link rel=\"canonical\" href=\"https:\/\/arbr.fr\/wordpress\/2021\/05\/la-troupe-du-theatre-de-larbr-ouvre-ses-portes-a-de-nouveaux-comediennes-et-comediens\/\" \/>\n<meta property=\"og:locale\" content=\"fr_FR\" \/>\n<meta property=\"og:type\" content=\"article\" \/>\n<meta property=\"og:title\" content=\"La Troupe de Th\u00e9\u00e2tre de l\u2019ARBR recrute pour la saison 2021-2022 - ARBR\" \/>\n<meta property=\"og:description\" content=\"&nbsp; La troupe du th\u00e9\u00e2tre de l\u2019ARBR ouvre ses portes \u00e0 de nouveaux com\u00e9diennes et com\u00e9diens. &nbsp; Peut-\u00eatre que vous, parents ou vos amis entre 25 et 35 ans aimeriez \u00ab monter \u00bb sur&#046;&#046;&#046;\" \/>\n<meta property=\"og:url\" content=\"https:\/\/arbr.fr\/wordpress\/2021\/05\/la-troupe-du-theatre-de-larbr-ouvre-ses-portes-a-de-nouveaux-comediennes-et-comediens\/\" \/>\n<meta property=\"og:site_name\" content=\"ARBR\" \/>\n<meta property=\"article:published_time\" content=\"2021-05-16T13:34:01+00:00\" \/>\n<meta property=\"article:modified_time\" content=\"2021-05-16T13:42:00+00:00\" \/>\n<meta name=\"author\" content=\"Bruno Resano\" \/>\n<meta name=\"twitter:card\" content=\"summary_large_image\" \/>\n<meta name=\"twitter:label1\" content=\"\u00c9crit par\" \/>\n\t<meta name=\"twitter:data1\" content=\"Bruno Resano\" \/>\n\t<meta name=\"twitter:label2\" content=\"Dur\u00e9e de lecture estim\u00e9e\" \/>\n\t<meta name=\"twitter:data2\" content=\"1 minute\" \/>\n<script type=\"application\/ld+json\" class=\"yoast-schema-graph\">{\"@context\":\"https:\/\/schema.org\",\"@graph\":[{\"@type\":\"Article\",\"@id\":\"https:\/\/arbr.fr\/wordpress\/2021\/05\/la-troupe-du-theatre-de-larbr-ouvre-ses-portes-a-de-nouveaux-comediennes-et-comediens\/#article\",\"isPartOf\":{\"@id\":\"https:\/\/arbr.fr\/wordpress\/2021\/05\/la-troupe-du-theatre-de-larbr-ouvre-ses-portes-a-de-nouveaux-comediennes-et-comediens\/\"},\"author\":{\"name\":\"Bruno Resano\",\"@id\":\"https:\/\/arbr.fr\/wordpress\/#\/schema\/person\/31a897d20aa3ca4f3bc1c3cccec85ebc\"},\"headline\":\"La Troupe de Th\u00e9\u00e2tre de l\u2019ARBR recrute pour la saison 2021-2022\",\"datePublished\":\"2021-05-16T13:34:01+00:00\",\"dateModified\":\"2021-05-16T13:42:00+00:00\",\"mainEntityOfPage\":{\"@id\":\"https:\/\/arbr.fr\/wordpress\/2021\/05\/la-troupe-du-theatre-de-larbr-ouvre-ses-portes-a-de-nouveaux-comediennes-et-comediens\/\"},\"wordCount\":161,\"publisher\":{\"@id\":\"https:\/\/arbr.fr\/wordpress\/#organization\"},\"articleSection\":[\"Informations\",\"Th\u00e9\u00e2tre\"],\"inLanguage\":\"fr-FR\"},{\"@type\":\"WebPage\",\"@id\":\"https:\/\/arbr.fr\/wordpress\/2021\/05\/la-troupe-du-theatre-de-larbr-ouvre-ses-portes-a-de-nouveaux-comediennes-et-comediens\/\",\"url\":\"https:\/\/arbr.fr\/wordpress\/2021\/05\/la-troupe-du-theatre-de-larbr-ouvre-ses-portes-a-de-nouveaux-comediennes-et-comediens\/\",\"name\":\"La Troupe de Th\u00e9\u00e2tre de l\u2019ARBR recrute pour la saison 2021-2022 - ARBR\",\"isPartOf\":{\"@id\":\"https:\/\/arbr.fr\/wordpress\/#website\"},\"datePublished\":\"2021-05-16T13:34:01+00:00\",\"dateModified\":\"2021-05-16T13:42:00+00:00\",\"breadcrumb\":{\"@id\":\"https:\/\/arbr.fr\/wordpress\/2021\/05\/la-troupe-du-theatre-de-larbr-ouvre-ses-portes-a-de-nouveaux-comediennes-et-comediens\/#breadcrumb\"},\"inLanguage\":\"fr-FR\",\"potentialAction\":[{\"@type\":\"ReadAction\",\"target\":[\"https:\/\/arbr.fr\/wordpress\/2021\/05\/la-troupe-du-theatre-de-larbr-ouvre-ses-portes-a-de-nouveaux-comediennes-et-comediens\/\"]}]},{\"@type\":\"BreadcrumbList\",\"@id\":\"https:\/\/arbr.fr\/wordpress\/2021\/05\/la-troupe-du-theatre-de-larbr-ouvre-ses-portes-a-de-nouveaux-comediennes-et-comediens\/#breadcrumb\",\"itemListElement\":[{\"@type\":\"ListItem\",\"position\":1,\"name\":\"Accueil\",\"item\":\"https:\/\/arbr.fr\/wordpress\/\"},{\"@type\":\"ListItem\",\"position\":2,\"name\":\"La Troupe de Th\u00e9\u00e2tre de l\u2019ARBR recrute pour la saison 2021-2022\"}]},{\"@type\":\"WebSite\",\"@id\":\"https:\/\/arbr.fr\/wordpress\/#website\",\"url\":\"https:\/\/arbr.fr\/wordpress\/\",\"name\":\"ARBR\",\"description\":\"Association des r\u00e9sidents du Bois Raguenet\",\"publisher\":{\"@id\":\"https:\/\/arbr.fr\/wordpress\/#organization\"},\"potentialAction\":[{\"@type\":\"SearchAction\",\"target\":{\"@type\":\"EntryPoint\",\"urlTemplate\":\"https:\/\/arbr.fr\/wordpress\/?s={search_term_string}\"},\"query-input\":{\"@type\":\"PropertyValueSpecification\",\"valueRequired\":true,\"valueName\":\"search_term_string\"}}],\"inLanguage\":\"fr-FR\"},{\"@type\":\"Organization\",\"@id\":\"https:\/\/arbr.fr\/wordpress\/#organization\",\"name\":\"ARBR\",\"url\":\"https:\/\/arbr.fr\/wordpress\/\",\"logo\":{\"@type\":\"ImageObject\",\"inLanguage\":\"fr-FR\",\"@id\":\"https:\/\/arbr.fr\/wordpress\/#\/schema\/logo\/image\/\",\"url\":\"https:\/\/arbr.fr\/wordpress\/wp-content\/uploads\/2017\/03\/0.png\",\"contentUrl\":\"https:\/\/arbr.fr\/wordpress\/wp-content\/uploads\/2017\/03\/0.png\",\"width\":650,\"height\":283,\"caption\":\"ARBR\"},\"image\":{\"@id\":\"https:\/\/arbr.fr\/wordpress\/#\/schema\/logo\/image\/\"}},{\"@type\":\"Person\",\"@id\":\"https:\/\/arbr.fr\/wordpress\/#\/schema\/person\/31a897d20aa3ca4f3bc1c3cccec85ebc\",\"name\":\"Bruno Resano\",\"image\":{\"@type\":\"ImageObject\",\"inLanguage\":\"fr-FR\",\"@id\":\"https:\/\/arbr.fr\/wordpress\/#\/schema\/person\/image\/\",\"url\":\"https:\/\/secure.gravatar.com\/avatar\/9f5450f4cbebb7905857e90e45ddf5aa?s=96&d=mm&r=g\",\"contentUrl\":\"https:\/\/secure.gravatar.com\/avatar\/9f5450f4cbebb7905857e90e45ddf5aa?s=96&d=mm&r=g\",\"caption\":\"Bruno Resano\"}}]}<\/script>\n<!-- \/ Yoast SEO plugin. -->","yoast_head_json":{"title":"La Troupe de Th\u00e9\u00e2tre de l\u2019ARBR recrute pour la saison 2021-2022 - ARBR","robots":{"index":"index","follow":"follow","max-snippet":"max-snippet:-1","max-image-preview":"max-image-preview:large","max-video-preview":"max-video-preview:-1"},"canonical":"https:\/\/arbr.fr\/wordpress\/2021\/05\/la-troupe-du-theatre-de-larbr-ouvre-ses-portes-a-de-nouveaux-comediennes-et-comediens\/","og_locale":"fr_FR","og_type":"article","og_title":"La Troupe de Th\u00e9\u00e2tre de l\u2019ARBR recrute pour la saison 2021-2022 - ARBR","og_description":"&nbsp; La troupe du th\u00e9\u00e2tre de l\u2019ARBR ouvre ses portes \u00e0 de nouveaux com\u00e9diennes et com\u00e9diens. &nbsp; Peut-\u00eatre que vous, parents ou vos amis entre 25 et 35 ans aimeriez \u00ab monter \u00bb sur&#46;&#46;&#46;","og_url":"https:\/\/arbr.fr\/wordpress\/2021\/05\/la-troupe-du-theatre-de-larbr-ouvre-ses-portes-a-de-nouveaux-comediennes-et-comediens\/","og_site_name":"ARBR","article_published_time":"2021-05-16T13:34:01+00:00","article_modified_time":"2021-05-16T13:42:00+00:00","author":"Bruno Resano","twitter_card":"summary_large_image","twitter_misc":{"\u00c9crit par":"Bruno Resano","Dur\u00e9e de lecture estim\u00e9e":"1 minute"},"schema":{"@context":"https:\/\/schema.org","@graph":[{"@type":"Article","@id":"https:\/\/arbr.fr\/wordpress\/2021\/05\/la-troupe-du-theatre-de-larbr-ouvre-ses-portes-a-de-nouveaux-comediennes-et-comediens\/#article","isPartOf":{"@id":"https:\/\/arbr.fr\/wordpress\/2021\/05\/la-troupe-du-theatre-de-larbr-ouvre-ses-portes-a-de-nouveaux-comediennes-et-comediens\/"},"author":{"name":"Bruno Resano","@id":"https:\/\/arbr.fr\/wordpress\/#\/schema\/person\/31a897d20aa3ca4f3bc1c3cccec85ebc"},"headline":"La Troupe de Th\u00e9\u00e2tre de l\u2019ARBR recrute pour la saison 2021-2022","datePublished":"2021-05-16T13:34:01+00:00","dateModified":"2021-05-16T13:42:00+00:00","mainEntityOfPage":{"@id":"https:\/\/arbr.fr\/wordpress\/2021\/05\/la-troupe-du-theatre-de-larbr-ouvre-ses-portes-a-de-nouveaux-comediennes-et-comediens\/"},"wordCount":161,"publisher":{"@id":"https:\/\/arbr.fr\/wordpress\/#organization"},"articleSection":["Informations","Th\u00e9\u00e2tre"],"inLanguage":"fr-FR"},{"@type":"WebPage","@id":"https:\/\/arbr.fr\/wordpress\/2021\/05\/la-troupe-du-theatre-de-larbr-ouvre-ses-portes-a-de-nouveaux-comediennes-et-comediens\/","url":"https:\/\/arbr.fr\/wordpress\/2021\/05\/la-troupe-du-theatre-de-larbr-ouvre-ses-portes-a-de-nouveaux-comediennes-et-comediens\/","name":"La Troupe de Th\u00e9\u00e2tre de l\u2019ARBR recrute pour la saison 2021-2022 - ARBR","isPartOf":{"@id":"https:\/\/arbr.fr\/wordpress\/#website"},"datePublished":"2021-05-16T13:34:01+00:00","dateModified":"2021-05-16T13:42:00+00:00","breadcrumb":{"@id":"https:\/\/arbr.fr\/wordpress\/2021\/05\/la-troupe-du-theatre-de-larbr-ouvre-ses-portes-a-de-nouveaux-comediennes-et-comediens\/#breadcrumb"},"inLanguage":"fr-FR","potentialAction":[{"@type":"ReadAction","target":["https:\/\/arbr.fr\/wordpress\/2021\/05\/la-troupe-du-theatre-de-larbr-ouvre-ses-portes-a-de-nouveaux-comediennes-et-comediens\/"]}]},{"@type":"BreadcrumbList","@id":"https:\/\/arbr.fr\/wordpress\/2021\/05\/la-troupe-du-theatre-de-larbr-ouvre-ses-portes-a-de-nouveaux-comediennes-et-comediens\/#breadcrumb","itemListElement":[{"@type":"ListItem","position":1,"name":"Accueil","item":"https:\/\/arbr.fr\/wordpress\/"},{"@type":"ListItem","position":2,"name":"La Troupe de Th\u00e9\u00e2tre de l\u2019ARBR recrute pour la saison 2021-2022"}]},{"@type":"WebSite","@id":"https:\/\/arbr.fr\/wordpress\/#website","url":"https:\/\/arbr.fr\/wordpress\/","name":"ARBR","description":"Association des r\u00e9sidents du Bois Raguenet","publisher":{"@id":"https:\/\/arbr.fr\/wordpress\/#organization"},"potentialAction":[{"@type":"SearchAction","target":{"@type":"EntryPoint","urlTemplate":"https:\/\/arbr.fr\/wordpress\/?s={search_term_string}"},"query-input":{"@type":"PropertyValueSpecification","valueRequired":true,"valueName":"search_term_string"}}],"inLanguage":"fr-FR"},{"@type":"Organization","@id":"https:\/\/arbr.fr\/wordpress\/#organization","name":"ARBR","url":"https:\/\/arbr.fr\/wordpress\/","logo":{"@type":"ImageObject","inLanguage":"fr-FR","@id":"https:\/\/arbr.fr\/wordpress\/#\/schema\/logo\/image\/","url":"https:\/\/arbr.fr\/wordpress\/wp-content\/uploads\/2017\/03\/0.png","contentUrl":"https:\/\/arbr.fr\/wordpress\/wp-content\/uploads\/2017\/03\/0.png","width":650,"height":283,"caption":"ARBR"},"image":{"@id":"https:\/\/arbr.fr\/wordpress\/#\/schema\/logo\/image\/"}},{"@type":"Person","@id":"https:\/\/arbr.fr\/wordpress\/#\/schema\/person\/31a897d20aa3ca4f3bc1c3cccec85ebc","name":"Bruno Resano","image":{"@type":"ImageObject","inLanguage":"fr-FR","@id":"https:\/\/arbr.fr\/wordpress\/#\/schema\/person\/image\/","url":"https:\/\/secure.gravatar.com\/avatar\/9f5450f4cbebb7905857e90e45ddf5aa?s=96&d=mm&r=g","contentUrl":"https:\/\/secure.gravatar.com\/avatar\/9f5450f4cbebb7905857e90e45ddf5aa?s=96&d=mm&r=g","caption":"Bruno Resano"}}]}},"_links":{"self":[{"href":"https:\/\/arbr.fr\/wordpress\/wp-json\/wp\/v2\/posts\/2210"}],"collection":[{"href":"https:\/\/arbr.fr\/wordpress\/wp-json\/wp\/v2\/posts"}],"about":[{"href":"https:\/\/arbr.fr\/wordpress\/wp-json\/wp\/v2\/types\/post"}],"author":[{"embeddable":true,"href":"https:\/\/arbr.fr\/wordpress\/wp-json\/wp\/v2\/users\/3"}],"replies":[{"embeddable":true,"href":"https:\/\/arbr.fr\/wordpress\/wp-json\/wp\/v2\/comments?post=2210"}],"version-history":[{"count":9,"href":"https:\/\/arbr.fr\/wordpress\/wp-json\/wp\/v2\/posts\/2210\/revisions"}],"predecessor-version":[{"id":2221,"href":"https:\/\/arbr.fr\/wordpress\/wp-json\/wp\/v2\/posts\/2210\/revisions\/2221"}],"wp:attachment":[{"href":"https:\/\/arbr.fr\/wordpress\/wp-json\/wp\/v2\/media?parent=2210"}],"wp:term":[{"taxonomy":"category","embeddable":true,"href":"https:\/\/arbr.fr\/wordpress\/wp-json\/wp\/v2\/categories?post=2210"},{"taxonomy":"post_tag","embeddable":true,"href":"https:\/\/arbr.fr\/wordpress\/wp-json\/wp\/v2\/tags?post=2210"}],"curies":[{"name":"wp","href":"https:\/\/api.w.org\/{rel}","templated":true}]}}